{"id":17202,"date":"2018-09-17T13:20:07","date_gmt":"2018-09-17T11:20:07","guid":{"rendered":"https:\/\/urban-nation.com\/?p=17202"},"modified":"2022-06-15T10:30:08","modified_gmt":"2022-06-15T08:30:08","slug":"artist-in-residence-programme","status":"publish","type":"post","link":"https:\/\/urban-nation.com\/de\/2018\/09\/artist-in-residence-programme\/","title":{"rendered":"Artist in Residence Programme"},"content":{"rendered":"\n<p><span style=\"font-weight: 400;\">Urban Contemporary Art sucht sich ihre Fla\u0308chen in der Stadt. Doch braucht Kunst auch Freira\u0308ume, in denen Ideen wachsen ko\u0308nnen, Talent gescha\u0308rft wird, Stil und Technik Fo\u0308rderung erfahren. Mit dem <a href=\"https:\/\/urban-nation.com\/de\/artist-in-residence-stipendien\/\">\u201eArtist in Residence Programme<\/a>&#8220; bietet URBAN NATION in einem einzigartigen Programm Chancen zur freien, ku\u0308nstlerischen Entfaltung: In 11 Apartments haben angehende Ku\u0308nstler die Mo\u0308glichkeit, sich auf ihren Schaffensprozess zu konzentrieren. So ermo\u0308glicht URBAN NATION Ku\u0308nstlern aus aller Welt den Aufenthalt in Berlin, einem der kreativen Zentren der Urban Contemporary Art, la\u0308dt zur Vernetzung, zum Dialog und zur Auseinandersetzung ein und begleitet die Stipendiaten mit einem professionellen Mentoring der Kuratorin Yasha Young.<\/span><\/p>\n\n\n\n<h3 class=\"wp-block-heading\"><b>Die Eckdaten<\/b> des Artist in Residence Programm<\/h3>\n\n\n\n<p><span style=\"font-weight: 400;\">Urbane Verdichtung und Gentrifizierung lassen bezahlbare Freira\u0308ume fu\u0308r Ku\u0308nstler in Sta\u0308dten zunehmend verschwinden. Dem eigenen sozialen Gedanken verpflichtet \u2013 CONNECT. CREATE. CARE. \u2013 begegnet URBAN NATION diesen Entwicklungen mit einem \u201eArtist in Residence Programme&#8220;.<\/span><\/p>\n\n\n\n<p><span style=\"font-weight: 400;\">Auf drei Etagen und 1.100 Quadratmetern hat die Stiftung Berliner Leben im Geba\u0308ude des URBAN NATION MUSEUM FOR URBAN CONTEMPORARY ART 11 Apartments eingerichtet, die ja\u0308hrlich fu\u0308r bis zu 33 Ku\u0308nstler fu\u0308r eine Dauer von drei oder sechs Monaten Freira\u0308ume schaffen. Das Stipendium, bestehend aus der Unterkunft und 900 Euro pro Monat ermo\u0308glicht es den Ku\u0308nstlern, tempora\u0308r freier von o\u0308konomischen Zwa\u0308ngen an ihren Werken zu arbeiten. Jeder Ku\u0308nstler, der an dem Programm teilnimmt, muss wa\u0308hrend seiner Zeit bei URBAN NATION ein soziales Kunstprojekt mit Fokus und Einbindung der Nachbarschaft umsetzen.<\/span><\/p>\n\n\n\n<h3 class=\"wp-block-heading\"><strong>CLASS OF 2018 \/\/&nbsp;<\/strong><strong>Das sind die ersten Stipendiaten des Artist in Residence Programme:<\/strong><\/h3>\n\n\n\n<p><a href=\"https:\/\/urban-nation.com\/de\/artist\/sellfable-city\/\"><strong>SELLFABLE<\/strong><\/a><\/p>\n\n\n\n<p><span style=\"font-weight: 400;\">U\u0308ber SellFable ist wenig bekannt, abgesehen davon, dass die Installationen und Objekte wie \u201eMachine Relic Boxes\u201c, Bilder, Wandbilder, Cut Outs, illuminierte Gravuren, aber auch Dokumente, Briefe, Tonaufnahmen, Video-Performances und Virtual Reality in der ganzen Welt als Manifestationen dieses dunklen Reiches erschienen sind. Eine poetische Selbstbeschreibung besagt: \u201eSellFable ist eine Machine Noir Universe World, die von der Energie ihrer Bewohner lebt. Wie ein Tintenfleck schleicht sich SellFable langsam in unsere Welt ein, befleckt Systeme und hinterla\u0308sst Spuren seiner Existenz: Maschinenrelikte, verlorene mechanische Waisenkinder, SFC-Systemfehler oder Fragmente maschinensprachlicher Poesie. Eine besessene Person namens The Archivist arrangiert das Archivmaterial u\u0308ber das SellFable-Universum. Sie reist um die Welt, um zu forschen, zu sammeln und zu bewerten, was mit SellFable zusammenha\u0308ngt. Beweise wurden online und offline gefunden und in den Stra\u00dfen der Sta\u0308dte weltweit. Maschinenrelikte findet man an jedem Ort, in jeder Form \u2013 man erkennt sie, wenn man sie sieht.\u201c <a href=\"https:\/\/urban-nation.com\/de\/artist\/sellfable-city\/\">Mehr Infos<\/a><\/span><\/p>\n\n\n\n<figure class=\"wp-block-audio\"><audio controls src=\"https:\/\/urban-nation.com\/wp-content\/uploads\/SellFable_Neu-1.mp3\"><\/audio><\/figure>\n\n\n\n<figure class=\"wp-block-image alignnone\"><a href=\"https:\/\/urban-nation.com\/de\/artist\/sellfable-city\/\"><img decoding=\"async\" width=\"2592\" height=\"1728\" loading=\"lazy\" src=\"https:\/\/urban-nation.com\/wp-content\/uploads\/sellfable-devils_acre_show.jpg\" alt=\"Artist in Residence SELLFABLE\" class=\"wp-image-17064\" srcset=\"https:\/\/urban-nation.com\/wp-content\/uploads\/sellfable-devils_acre_show.jpg 2592w, https:\/\/urban-nation.com\/wp-content\/uploads\/sellfable-devils_acre_show-640x427.jpg 640w, https:\/\/urban-nation.com\/wp-content\/uploads\/sellfable-devils_acre_show-768x512.jpg 768w, https:\/\/urban-nation.com\/wp-content\/uploads\/sellfable-devils_acre_show-960x640.jpg 960w, https:\/\/urban-nation.com\/wp-content\/uploads\/sellfable-devils_acre_show-1440x960.jpg 1440w\" sizes=\"auto, (max-width: 2592px) 100vw, 2592px\" \/><\/a><figcaption>SELLFABLE<\/figcaption><\/figure>\n\n\n\n<p><a href=\"https:\/\/urban-nation.com\/de\/artist\/onur\/\"><strong>ONUR<\/strong><\/a><\/p>\n\n\n\n<p><span style=\"font-weight: 400;\">Onur ist ein photorealistischer Maler und Wandmaler aus dem schweizerischen Solothurn. Charakteristisch f\u00fcr die gro\u00dfformatigen Bilder dieses K\u00fcnstlers sind die intensiven Farben und organisch geschwungenen B\u00f6gen. <strong><a href=\"https:\/\/urban-nation.com\/de\/artist\/onur\/\">Mehr Infos<\/a><\/strong><\/span><\/p>\n\n\n\n<figure class=\"wp-block-audio\"><audio controls src=\"https:\/\/urban-nation.com\/wp-content\/uploads\/ONUR-3.wav\"><\/audio><\/figure>\n\n\n\n<figure class=\"wp-block-image alignnone\"><a href=\"https:\/\/urban-nation.com\/de\/artist\/onur\/\"><img decoding=\"async\" width=\"2362\" height=\"1575\" loading=\"lazy\" src=\"https:\/\/urban-nation.com\/wp-content\/uploads\/onur_portrait_2.jpg\" alt=\"Artist in Residence ONUR\" class=\"wp-image-17062\" srcset=\"https:\/\/urban-nation.com\/wp-content\/uploads\/onur_portrait_2.jpg 2362w, https:\/\/urban-nation.com\/wp-content\/uploads\/onur_portrait_2-640x427.jpg 640w, https:\/\/urban-nation.com\/wp-content\/uploads\/onur_portrait_2-768x512.jpg 768w, https:\/\/urban-nation.com\/wp-content\/uploads\/onur_portrait_2-960x640.jpg 960w, https:\/\/urban-nation.com\/wp-content\/uploads\/onur_portrait_2-1440x960.jpg 1440w\" sizes=\"auto, (max-width: 2362px) 100vw, 2362px\" \/><\/a><figcaption>ONUR<\/figcaption><\/figure>\n\n\n\n<p><a href=\"https:\/\/urban-nation.com\/de\/artist\/wes-21\/\"><strong>WES21<\/strong><\/a><\/p>\n\n\n\n<p><span style=\"font-weight: 400;\">Geboren in Biel in der Schweiz als Remo Lienhard, begann WES21 im Jahr 2001 sich fu\u0308r Malerei zu interessieren. Nach seinem Abschluss am College of Art &amp; Design in Biel arbeitet er als freischaffender Illustrator und Designer an verschiedenen Projekten, wie gro\u00dfformatigen Wandbildern, Leinwa\u0308nden und 3-D-Skulpturen \u2013 und u\u0308berrascht jeweils mit einer unvorhersehbaren Seite und mit mehr als dem, was von zeitgeno\u0308ssischen Ku\u0308nstlern im Allgemeinen erwartet wird. Er geho\u0308rt zu SCHWARZMALER, einem Kollektiv herausragender Ku\u0308nstler und Illustratoren. Seine detaillierten Arbeiten, die den Moment \u2013 ob real oder imagina\u0308r \u2013 erfolgreich festhalten, sind zweifellos atemberaubend und fu\u0308hren uns in eine ku\u0308nstlerische Welt wie in keine andere. Er arbeitet sta\u0308ndig an der Entwicklung seiner einzigartigen Bildsprache, die sein Werk von anderen unterscheidet. <a href=\"https:\/\/urban-nation.com\/de\/artist\/wes-21\/\"><strong>Mehr Infos<\/strong><\/a><\/span><\/p>\n\n\n\n<figure class=\"wp-block-image alignnone\"><a href=\"https:\/\/urban-nation.com\/de\/artist\/wes-21\/\"><img decoding=\"async\" width=\"2000\" height=\"1970\" loading=\"lazy\" src=\"https:\/\/urban-nation.com\/wp-content\/uploads\/Wes21_Onur_HEAVY_STONES_FEAR_NO_WEATHER_ReykjaviO\u0302o\u0300a\u0301u\u2560e\u0302k_Iceland_cmyk.jpg\" alt=\"Artist in Residence WES21\" class=\"wp-image-17054\" srcset=\"https:\/\/urban-nation.com\/wp-content\/uploads\/Wes21_Onur_HEAVY_STONES_FEAR_NO_WEATHER_ReykjaviO\u0302o\u0300a\u0301u\u2560e\u0302k_Iceland_cmyk.jpg 2000w, https:\/\/urban-nation.com\/wp-content\/uploads\/Wes21_Onur_HEAVY_STONES_FEAR_NO_WEATHER_ReykjaviO\u0302o\u0300a\u0301u\u2560e\u0302k_Iceland_cmyk-640x630.jpg 640w, https:\/\/urban-nation.com\/wp-content\/uploads\/Wes21_Onur_HEAVY_STONES_FEAR_NO_WEATHER_ReykjaviO\u0302o\u0300a\u0301u\u2560e\u0302k_Iceland_cmyk-768x756.jpg 768w, https:\/\/urban-nation.com\/wp-content\/uploads\/Wes21_Onur_HEAVY_STONES_FEAR_NO_WEATHER_ReykjaviO\u0302o\u0300a\u0301u\u2560e\u0302k_Iceland_cmyk-960x946.jpg 960w, https:\/\/urban-nation.com\/wp-content\/uploads\/Wes21_Onur_HEAVY_STONES_FEAR_NO_WEATHER_ReykjaviO\u0302o\u0300a\u0301u\u2560e\u0302k_Iceland_cmyk-1440x1418.jpg 1440w\" sizes=\"auto, (max-width: 2000px) 100vw, 2000px\" \/><\/a><figcaption>WES21<\/figcaption><\/figure>\n\n\n\n<p><a href=\"https:\/\/urban-nation.com\/de\/artist\/quintessenz\/\"><strong>QUINTESSENZ<\/strong><\/a><\/p>\n\n\n\n<p><span style=\"font-weight: 400;\">Hinter Quintessenz steht das Ku\u0308nstlerduo aus Hannover und Berlin, Thomas Granseuer und Tomislav Topic, die sich wa\u0308hrend des Studiums an der HAWK Hildesheim kennengelernt haben und nun gemeinsam einen einzigartigen und unverwechselbaren Stil entwickeln. Beeinflusst von Graffiti, Grafikdesign und Chromatik, kombinieren Quintessenz Gema\u0308lde, bewegte Bilder und Installationen. Dabei ist der Raum die grundlegende Inspiration. Ihre Arbeit zitiert nicht nur Formen und Muster der Architektur, sie greift auch in die Umgebung ein und vera\u0308ndert die Wahrnehmung des Betrachters. Die Wa\u0308nde alter Fabrikgeba\u0308ude dienen Quintessenz als Leinwa\u0308nde \u2013 ihre Wandbilder bedecken ganze Fassaden. Sowohl im o\u0308ffentlichen Raum als auch in Galerien haben ihre abstrakten Arbeiten eines gemeinsam: Ihre Kunst schafft Raum fu\u0308r seine Farbe. Fu\u0308r Quintessenz ist Farbe mehr als Form. Sie ist der Inhalt selbst. <a href=\"https:\/\/urban-nation.com\/de\/artist\/quintessenz\/\"><strong>Mehr Infos<\/strong><\/a><\/span><\/p>\n\n\n\n<figure class=\"wp-block-audio\"><audio controls src=\"https:\/\/urban-nation.com\/wp-content\/uploads\/Quintessenz-1.mp3\"><\/audio><\/figure>\n\n\n\n<figure class=\"wp-block-image alignnone\"><a href=\"https:\/\/urban-nation.com\/de\/artist\/quintessenz\/\"><img decoding=\"async\" width=\"5511\" height=\"3515\" loading=\"lazy\" src=\"https:\/\/urban-nation.com\/wp-content\/uploads\/Quintessenz_WIP_PhotoElBocho.jpg\" alt=\"Artist in Residence Quintessenz \" class=\"wp-image-17065\" srcset=\"https:\/\/urban-nation.com\/wp-content\/uploads\/Quintessenz_WIP_PhotoElBocho.jpg 5511w, https:\/\/urban-nation.com\/wp-content\/uploads\/Quintessenz_WIP_PhotoElBocho-640x408.jpg 640w, https:\/\/urban-nation.com\/wp-content\/uploads\/Quintessenz_WIP_PhotoElBocho-768x490.jpg 768w, https:\/\/urban-nation.com\/wp-content\/uploads\/Quintessenz_WIP_PhotoElBocho-960x612.jpg 960w, https:\/\/urban-nation.com\/wp-content\/uploads\/Quintessenz_WIP_PhotoElBocho-1440x918.jpg 1440w\" sizes=\"auto, (max-width: 5511px) 100vw, 5511px\" \/><\/a><figcaption>QUINTESSENZ<\/figcaption><\/figure>\n\n\n\n<p><a href=\"https:\/\/urban-nation.com\/de\/artist\/mia-florentine-weiss\/\"><strong>MIA FLORENTINE WEISS<\/strong><\/a><\/p>\n\n\n\n<p><span style=\"font-weight: 400;\">Mia Florentine Weiss ist eine deutsche Konzept- und Performancek\u00fcnstlerin. Geboren 1980 in W\u00fcrzburg, arbeitet Mia im Spannungsfeld zwischen Objektkunst und Multimedia. Ihr \u0152uvre zeigt den unmittelbaren Einfluss, den sie auf die Gesellschaft aus\u00fcbt, wie etwa die Skulptur LOVE HATE oder k\u00fcrzlich die Skulptur NOW WON, eine tempor\u00e4re Installation vor dem Berliner Reichstag, die jetzt Teil der Dauerausstellung des URBAN NATION Museums ist. <a href=\"https:\/\/urban-nation.com\/de\/artist\/mia-florentine-weiss\/\">Mehr Infos<\/a><\/span><\/p>\n\n\n\n<figure class=\"wp-block-audio\"><audio controls src=\"https:\/\/urban-nation.com\/wp-content\/uploads\/MIA-1.wav\"><\/audio><\/figure>\n\n\n\n<figure class=\"wp-block-image alignnone\"><a href=\"https:\/\/urban-nation.com\/de\/artist\/mia-florentine-weiss\/\"><img decoding=\"async\" width=\"2000\" height=\"1333\" loading=\"lazy\" src=\"https:\/\/urban-nation.com\/wp-content\/uploads\/Mia-Florentine-Weiss_W__0047.jpg\" alt=\"Artist in Residence MIA FLORENTINE WEISS\" class=\"wp-image-17061\" srcset=\"https:\/\/urban-nation.com\/wp-content\/uploads\/Mia-Florentine-Weiss_W__0047.jpg 2000w, https:\/\/urban-nation.com\/wp-content\/uploads\/Mia-Florentine-Weiss_W__0047-640x427.jpg 640w, https:\/\/urban-nation.com\/wp-content\/uploads\/Mia-Florentine-Weiss_W__0047-768x512.jpg 768w, https:\/\/urban-nation.com\/wp-content\/uploads\/Mia-Florentine-Weiss_W__0047-960x640.jpg 960w, https:\/\/urban-nation.com\/wp-content\/uploads\/Mia-Florentine-Weiss_W__0047-1440x960.jpg 1440w\" sizes=\"auto, (max-width: 2000px) 100vw, 2000px\" \/><\/a><figcaption>MIA FLORENTINE WEISS<\/figcaption><\/figure>\n\n\n\n<p><a href=\"https:\/\/urban-nation.com\/de\/artist\/louis-masai\/\"><strong>LOUIS MASAI<\/strong><\/a><\/p>\n\n\n\n<p><span style=\"font-weight: 400;\">Louis Masai ist ein Londoner Maler, Skulpteur und Wandmaler. Er nutzt seine Kunst in Form von Wandmalereien, Gem\u00e4lden und Installationen, um Themen wie das 6. Massensterben, den Klimawandel und die Gleichheit der Arten zu beleuchten. Louis hat mit URBAN NATION bei einer Vielzahl von Projekten zusammengearbeitet, von URBAN NATION @ Lollapalooza 2017 bis hin zu seinem k\u00fcnstlerischen Beitrag beim Projekt M\/13, &#8222;The Monster-Projekt\u201c. <a href=\"https:\/\/urban-nation.com\/de\/artist\/louis-masai\/\"><strong>Mehr Infos<\/strong><\/a><\/span><\/p>\n\n\n\n<figure class=\"wp-block-audio\"><audio controls src=\"https:\/\/urban-nation.com\/wp-content\/uploads\/Louis-Massai-1.wav\"><\/audio><\/figure>\n\n\n\n<figure class=\"wp-block-image alignnone\"><a href=\"https:\/\/urban-nation.com\/de\/artist\/louis-masai\/\"><img decoding=\"async\" width=\"2000\" height=\"1336\" loading=\"lazy\" src=\"https:\/\/urban-nation.com\/wp-content\/uploads\/Louis-Massai-Jaguar-phoenix-@emil.walker-9.jpg\" alt=\"Artist in residence Louis Massai\" class=\"wp-image-17055\" srcset=\"https:\/\/urban-nation.com\/wp-content\/uploads\/Louis-Massai-Jaguar-phoenix-@emil.walker-9.jpg 2000w, https:\/\/urban-nation.com\/wp-content\/uploads\/Louis-Massai-Jaguar-phoenix-@emil.walker-9-640x428.jpg 640w, https:\/\/urban-nation.com\/wp-content\/uploads\/Louis-Massai-Jaguar-phoenix-@emil.walker-9-768x513.jpg 768w, https:\/\/urban-nation.com\/wp-content\/uploads\/Louis-Massai-Jaguar-phoenix-@emil.walker-9-960x641.jpg 960w, https:\/\/urban-nation.com\/wp-content\/uploads\/Louis-Massai-Jaguar-phoenix-@emil.walker-9-1440x962.jpg 1440w\" sizes=\"auto, (max-width: 2000px) 100vw, 2000px\" \/><\/a><figcaption>LOUIS MASAI<\/figcaption><\/figure>\n\n\n\n<p><a href=\"https:\/\/urban-nation.com\/de\/artist\/ludo\/\"><strong>LUDO<\/strong><\/a><\/p>\n\n\n\n<p><span style=\"font-weight: 400;\">Ludovic Vernhet, bekannt unter dem Namen Ludo und bisweilen auch bezeichnet als die \u201eRache der Natur\u201c, wurde in Paris geboren und wuchs dort auf. Als Hommage an den sich stetig ver\u00e4ndernden Charakter zeitgen\u00f6ssischer urbaner Kunst nutzt Ludo f\u00fcr seine Werke diverse Medien. Diese reichen von riesigen Wandmalereien auf der Stra\u00dfe \u00fcber Leinw\u00e4nde und Installationen, bis hin zu Skulpturen und Fotografien als Ausstellungsst\u00fccke in Galerien und Museen. <a href=\"https:\/\/urban-nation.com\/de\/artist\/ludo\/\">Mehr Infos<\/a><\/span><\/p>\n\n\n\n<figure class=\"wp-block-audio\"><audio controls src=\"https:\/\/urban-nation.com\/wp-content\/uploads\/LUDO-1.wav\"><\/audio><\/figure>\n\n\n\n<figure class=\"wp-block-image alignnone\"><a href=\"https:\/\/urban-nation.com\/de\/artist\/ludo\/\"><img decoding=\"async\" width=\"1080\" height=\"721\" loading=\"lazy\" src=\"https:\/\/urban-nation.com\/wp-content\/uploads\/Ludo_Fotocredit-Christopher-Anderson-DSC0102.jpg\" alt=\"Ludo K\u00fcnstler Kunstwerk \" class=\"wp-image-17066\" srcset=\"https:\/\/urban-nation.com\/wp-content\/uploads\/Ludo_Fotocredit-Christopher-Anderson-DSC0102.jpg 1080w, https:\/\/urban-nation.com\/wp-content\/uploads\/Ludo_Fotocredit-Christopher-Anderson-DSC0102-640x427.jpg 640w, https:\/\/urban-nation.com\/wp-content\/uploads\/Ludo_Fotocredit-Christopher-Anderson-DSC0102-768x513.jpg 768w, https:\/\/urban-nation.com\/wp-content\/uploads\/Ludo_Fotocredit-Christopher-Anderson-DSC0102-960x641.jpg 960w\" sizes=\"auto, (max-width: 1080px) 100vw, 1080px\" \/><\/a><figcaption>LUDO<\/figcaption><\/figure>\n\n\n\n<p><a href=\"https:\/\/urban-nation.com\/de\/artist\/snik\/\"><strong>SNIK<\/strong><\/a><\/p>\n\n\n\n<p><span style=\"font-weight: 400;\">Seit u\u0308ber einem Jahrzehnt arbeitet das britische Duo Snik weltweit als traditionelle Stencil-Ku\u0308nstler. Wo andere mit Laser Cuttern und Computern zu den digitalen Techniken u\u0308bergehen, sind Snik den Urspru\u0308ngen ihres Handwerks treu geblieben. Sie schneiden ihre komplexen, vielschichtigen Stencils immer noch mu\u0308hsam von Hand. Ihre ku\u0308hne A\u0308sthetik ist gepra\u0308gt von eingefrorenen Szenen dynamischer Aktion. Sniks Arbeit konzentriert sich auf das Gewo\u0308hnliche. Subtile Aspekte werden hervorgehoben, um auf eine tiefere Bedeutung hinzuweisen. Eine Bedeutung, die fu\u0308r den Betrachter schwer fassbar bleibt, aus der er seine eigene Bedeutung scho\u0308pfen kann.&nbsp;<a href=\"https:\/\/urban-nation.com\/de\/artist\/snik\/\">Mehr Infos<\/a><\/span><\/p>\n\n\n\n<figure class=\"wp-block-audio\"><audio controls src=\"https:\/\/urban-nation.com\/wp-content\/uploads\/Snik-1.mp3\"><\/audio><\/figure>\n\n\n\n<figure class=\"wp-block-image alignnone\"><a href=\"https:\/\/urban-nation.com\/de\/artist\/snik\/\"><img decoding=\"async\" width=\"4032\" height=\"3024\" loading=\"lazy\" src=\"https:\/\/urban-nation.com\/wp-content\/uploads\/Snik_IMG_5846.jpg\" alt=\"Artist in residence SNIK \" class=\"wp-image-17063\" srcset=\"https:\/\/urban-nation.com\/wp-content\/uploads\/Snik_IMG_5846.jpg 4032w, https:\/\/urban-nation.com\/wp-content\/uploads\/Snik_IMG_5846-640x480.jpg 640w, https:\/\/urban-nation.com\/wp-content\/uploads\/Snik_IMG_5846-768x576.jpg 768w, https:\/\/urban-nation.com\/wp-content\/uploads\/Snik_IMG_5846-960x720.jpg 960w, https:\/\/urban-nation.com\/wp-content\/uploads\/Snik_IMG_5846-1440x1080.jpg 1440w\" sizes=\"auto, (max-width: 4032px) 100vw, 4032px\" \/><\/a><figcaption>SNIK<\/figcaption><\/figure>\n\n\n\n<p><a href=\"https:\/\/urban-nation.com\/de\/artist\/li-hill\/\"><strong>LI-HILL<\/strong><\/a><\/p>\n\n\n\n<p><span style=\"font-weight: 400;\">Aaron Li-Hill wurde in Kanada geboren und lebt heute in Brooklyn. Der K\u00fcnstler verschmilzt in seinen Werken Elemente aus Malerei, Illustration, Schablonenmalerei und Bildhauerei zu einer Einheit. In seinem \u0152uvre versucht Li-Hill, \u00fcber die westliche Perspektive die Komplexit\u00e4ten der rasanten Entwicklung des modernen Zeitalters zu dechiffrieren und verweist auf die verheerenden Auswirkungen des Kapitalismus auf die Essenz des Individuums. <a href=\"https:\/\/urban-nation.com\/de\/artist\/li-hill\/\">Mehr Infos<\/a><\/span><\/p>\n\n\n\n<figure class=\"wp-block-audio\"><audio controls src=\"https:\/\/urban-nation.com\/wp-content\/uploads\/Li-Hill-1.mp3\"><\/audio><\/figure>\n\n\n\n<figure class=\"wp-block-image alignnone\"><a href=\"https:\/\/urban-nation.com\/de\/artist\/li-hill\/\"><img decoding=\"async\" width=\"8688\" height=\"5792\" loading=\"lazy\" src=\"https:\/\/urban-nation.com\/wp-content\/uploads\/Li-Hill_ECMW-Icarus.jpg\" alt=\"Artist in residence Li-Hill\" class=\"wp-image-17040\"\/><\/a><figcaption>LI-HILL<\/figcaption><\/figure>\n\n\n\n<p><a href=\"https:\/\/urban-nation.com\/de\/artist\/herakut\/\"><strong>HERAKUT<\/strong><\/a><\/p>\n\n\n\n<p><span style=\"font-weight: 400;\">Herakut \u2013 das sind die beiden K\u00fcnstler Hera und Akut, die ihre Namen und Stile seit 2004 miteinander verschmelzen. Das gemeinsame Ziel ihrer Arbeit war und ist es, die dunklen Orte einer Stadt zu versch\u00f6nern und \u2013 einem humanit\u00e4ren Ansatz folgend \u2013 positive Zeichen des Lebens und Denkens zu setzen <\/span><span style=\"font-weight: 400;\"><a href=\"https:\/\/urban-nation.com\/de\/artist\/herakut\/\">Mehr Infos<\/a><\/span><\/p>\n\n\n\n<figure class=\"wp-block-audio\"><audio controls src=\"https:\/\/urban-nation.com\/wp-content\/uploads\/Herakut-2.mp3\"><\/audio><\/figure>\n\n\n\n<figure class=\"wp-block-image alignnone\"><a href=\"https:\/\/urban-nation.com\/de\/artist\/herakut\/\"><img decoding=\"async\" width=\"2000\" height=\"1510\" loading=\"lazy\" src=\"https:\/\/urban-nation.com\/wp-content\/uploads\/Littlehoodrat_Herakut_2018-1.jpg\" alt=\"Kunstwerk Leinwand Herakut\" class=\"wp-image-17056\" srcset=\"https:\/\/urban-nation.com\/wp-content\/uploads\/Littlehoodrat_Herakut_2018-1.jpg 2000w, https:\/\/urban-nation.com\/wp-content\/uploads\/Littlehoodrat_Herakut_2018-1-640x483.jpg 640w, https:\/\/urban-nation.com\/wp-content\/uploads\/Littlehoodrat_Herakut_2018-1-768x580.jpg 768w, https:\/\/urban-nation.com\/wp-content\/uploads\/Littlehoodrat_Herakut_2018-1-960x725.jpg 960w, https:\/\/urban-nation.com\/wp-content\/uploads\/Littlehoodrat_Herakut_2018-1-1440x1087.jpg 1440w\" sizes=\"auto, (max-width: 2000px) 100vw, 2000px\" \/><\/a><figcaption>HERAKUT<\/figcaption><\/figure>\n\n\n\n<p><a href=\"https:\/\/urban-nation.com\/de\/artist\/nespoon\/\"><strong>NESPOON<\/strong><\/a><\/p>\n\n\n\n<p>NeSpoon ist eine polnische K\u00fcnstlerin. Seit den Anf\u00e4ngen in 2009 reichen die von ihr geschaffenen Werke von Street Art \u00fcber T\u00f6pferei, Malerei und Skulpturen bis hin zu Schmuck. Die meisten ihrer Arbeiten bestehen aus traditioneller Spitze, die entweder aus Ton gefertigt oder an W\u00e4nde gemalt wird.&nbsp;&nbsp;<span style=\"font-weight: 400;\"><a href=\"https:\/\/urban-nation.com\/de\/artist\/nespoon\/\">More info<\/a><\/span><\/p>\n\n\n\n<figure class=\"wp-block-audio\"><audio controls src=\"https:\/\/urban-nation.com\/wp-content\/uploads\/Nespoon-1.wav\"><\/audio><\/figure>\n\n\n\n<figure class=\"wp-block-image alignnone\"><a href=\"https:\/\/urban-nation.com\/de\/artist\/nespoon\/\"><img decoding=\"async\" width=\"2000\" height=\"1333\" loading=\"lazy\" src=\"https:\/\/urban-nation.com\/wp-content\/uploads\/NeSpoon.Kristiansand.NO_.05.2018.01-1.jpg\" alt=\"Mural Wandbild Nespoon\" class=\"wp-image-17059\" srcset=\"https:\/\/urban-nation.com\/wp-content\/uploads\/NeSpoon.Kristiansand.NO_.05.2018.01-1.jpg 2000w, https:\/\/urban-nation.com\/wp-content\/uploads\/NeSpoon.Kristiansand.NO_.05.2018.01-1-640x427.jpg 640w, https:\/\/urban-nation.com\/wp-content\/uploads\/NeSpoon.Kristiansand.NO_.05.2018.01-1-768x512.jpg 768w, https:\/\/urban-nation.com\/wp-content\/uploads\/NeSpoon.Kristiansand.NO_.05.2018.01-1-960x640.jpg 960w, https:\/\/urban-nation.com\/wp-content\/uploads\/NeSpoon.Kristiansand.NO_.05.2018.01-1-1440x960.jpg 1440w\" sizes=\"auto, (max-width: 2000px) 100vw, 2000px\" \/><\/a><figcaption>NESPOON<\/figcaption><\/figure>\n\n\n\n<p><a href=\"https:\/\/urban-nation.com\/de\/artist\/dotdotdot\/\"><strong>DOT DOT DOT<\/strong><\/a><\/p>\n\n\n\n<p><span style=\"font-weight: 400;\">DOT DOT DOT aus Oslo, Norwegen, ist bildender Ku\u0308nstler, Public Artist und Konzeptku\u0308nstler. Unter verschiedenen Pseudonymen war er in den spa\u0308ten 1990er-Jahren Teil der aufstrebenden Graffiti-Szene. Er ist bekannt fu\u0308r seine Vielseitigkeit bei Installation, Bildhauerei, Malerei, Radierung und Zeichnung \u2013 und gilt als einer der fu\u0308hrenden Urban Artists Norwegens. Figurativ und hyperrealistisch, mit einer kraftvollen Idee und einer starken Gegenu\u0308berstellung fu\u0308hrt er seine Bilder fu\u0308r den Betrachter aus. Durch ihre moderne A\u0308sthetik haben sie einen Bezug zur Pop-Art der 1970er-Jahre, sind oft Anlass o\u0308ffentlicher Debatten und stellen die Politik und den Zustand der Welt provokant in Frage. <a href=\"https:\/\/urban-nation.com\/de\/artist\/dotdotdot\/\">Mehr Infos<\/a><\/span><\/p>\n\n\n\n<figure class=\"wp-block-image\"><a href=\"https:\/\/urban-nation.com\/de\/artist\/dotdotdot\/\"><img decoding=\"async\" width=\"2000\" height=\"1333\" loading=\"lazy\" src=\"https:\/\/urban-nation.com\/wp-content\/uploads\/dotdotdot-studio-001.jpg\" alt=\"Kunstwerke DOT DOT DOT \" class=\"wp-image-17058\" srcset=\"https:\/\/urban-nation.com\/wp-content\/uploads\/dotdotdot-studio-001.jpg 2000w, https:\/\/urban-nation.com\/wp-content\/uploads\/dotdotdot-studio-001-640x427.jpg 640w, https:\/\/urban-nation.com\/wp-content\/uploads\/dotdotdot-studio-001-768x512.jpg 768w, https:\/\/urban-nation.com\/wp-content\/uploads\/dotdotdot-studio-001-960x640.jpg 960w, https:\/\/urban-nation.com\/wp-content\/uploads\/dotdotdot-studio-001-1440x960.jpg 1440w\" sizes=\"auto, (max-width: 2000px) 100vw, 2000px\" \/><\/a><\/figure>\n\n\n\n<figure class=\"wp-block-embed is-type-video is-provider-youtube wp-block-embed-youtube wp-embed-aspect-16-9 wp-has-aspect-ratio\"><div class=\"wp-block-embed__wrapper\">\n<div class=\"BorlabsCookie _brlbs-cb-youtube\"><div class=\"un-content-blocker video-blocker\"> <img decoding=\"async\" class=\"un-blocker-thumbnail\" src=\"https:\/\/urban-nation.com\/wp-content\/uploads\/2019\/12\/un-blocker-background-youtube.jpg\" alt=\"YouTube\"> <div class=\"un-blocker-content un-video-youtube\"> <div class=\"un-caption\"> <strong>Mit dem Laden des Videos akzeptieren Sie die Datenschutzerkl\u00e4rung von YouTube.<\/strong><br> <a href=\"https:\/\/policies.google.com\/privacy\" target=\"_blank\" rel=\"nofollow noopener noreferrer\">Mehr erfahren<\/a> <p><a class=\"blocking-button\" href=\"#\" data-borlabs-cookie-unblock role=\"button\">Video laden<\/a><\/p> <p><label><input type=\"checkbox\" name=\"unblockAll\" value=\"1\" checked> <small>YouTube immer entsperren<\/small> <\/label><\/p> <\/div> <\/div> <\/div><div class=\"borlabs-hide\" data-borlabs-cookie-type=\"content-blocker\" data-borlabs-cookie-id=\"youtube\"><script type=\"text\/template\">PGRpdiBjbGFzcz0iX2JybGJzLWZsdWlkLXdpZHRoLXZpZGVvLXdyYXBwZXIiPjxpZnJhbWUgdGl0bGU9Ik9QRU5JTkcgT0YgVEhFIFVSQkFOIE5BVElPTiBBUlRJU1QgSU4gUkVTSURFTkNFIFBST0dSQU1NRSIgd2lkdGg9IjUwMCIgaGVpZ2h0PSIyODEiIHNyYz0iaHR0cHM6Ly93d3cueW91dHViZS1ub2Nvb2tpZS5jb20vZW1iZWQvdTV6X3ZjZTJYS2c\/ZmVhdHVyZT1vZW1iZWQiIGZyYW1lYm9yZGVyPSIwIiBhbGxvdz0iYWNjZWxlcm9tZXRlcjsgYXV0b3BsYXk7IGNsaXBib2FyZC13cml0ZTsgZW5jcnlwdGVkLW1lZGlhOyBneXJvc2NvcGU7IHBpY3R1cmUtaW4tcGljdHVyZTsgd2ViLXNoYXJlIiByZWZlcnJlcnBvbGljeT0ic3RyaWN0LW9yaWdpbi13aGVuLWNyb3NzLW9yaWdpbiIgYWxsb3dmdWxsc2NyZWVuPjwvaWZyYW1lPjwvZGl2Pg==<\/script><\/div><\/div>\n<\/div><\/figure>\n","protected":false},"excerpt":{"rendered":"<p>Urban Contemporary Art sucht sich ihre Fla\u0308chen in der Stadt. Doch braucht Kunst auch Freira\u0308ume, in denen Ideen wachsen ko\u0308nnen, Talent gescha\u0308rft wird, Stil und Technik Fo\u0308rderung erfahren. Mit dem \u201eArtist in Residence Programme&#8220; bietet URBAN NATION in einem einzigartigen [&hellip;]<\/p>\n","protected":false},"author":21,"featured_media":17573,"comment_status":"closed","ping_status":"closed","sticky":false,"template":"","format":"standard","meta":{"_acf_changed":false,"footnotes":""},"categories":[106,114],"tags":[207,71],"un-event-series":[242,364],"class_list":["post-17202","post","type-post","status-publish","format-standard","has-post-thumbnail","hentry","category-blog-de","category-urban-nation-de","tag-artist-in-residence-programme-de","tag-videos-de","un-event-series-artist-in-residence","un-event-series-fresh-a-i-r-1"],"acf":[],"yoast_head":"<!-- This site is optimized with the Yoast SEO plugin v24.1 - https:\/\/yoast.com\/wordpress\/plugins\/seo\/ -->\n<title>Artist in Residence Programme &#8211; Urban Nation<\/title>\n<meta name=\"description\" content=\"Fresh A.I.R. ist das Artist in Residence Programm von URBAN NATION in Berlin, mit Redinzen f\u00fcr K\u00fcnstler*innen \u00fcber dem URBAN NATION Mueseum.\" \/>\n<meta name=\"robots\" content=\"index, follow, max-snippet:-1, max-image-preview:large, max-video-preview:-1\" \/>\n<link rel=\"canonical\" href=\"https:\/\/urban-nation.com\/de\/2018\/09\/artist-in-residence-programme\/\" \/>\n<meta property=\"og:locale\" content=\"de_DE\" \/>\n<meta property=\"og:type\" content=\"article\" \/>\n<meta property=\"og:title\" content=\"Artist in Residence Programme &#8211; Urban Nation\" \/>\n<meta property=\"og:description\" content=\"Fresh A.I.R. ist das Artist in Residence Programm von URBAN NATION in Berlin, mit Redinzen f\u00fcr K\u00fcnstler*innen \u00fcber dem URBAN NATION Mueseum.\" \/>\n<meta property=\"og:url\" content=\"https:\/\/urban-nation.com\/de\/2018\/09\/artist-in-residence-programme\/\" \/>\n<meta property=\"og:site_name\" content=\"Urban Nation\" \/>\n<meta property=\"article:publisher\" content=\"https:\/\/www.facebook.com\/urbannationberlin\" \/>\n<meta property=\"article:published_time\" content=\"2018-09-17T11:20:07+00:00\" \/>\n<meta property=\"article:modified_time\" content=\"2022-06-15T08:30:08+00:00\" \/>\n<meta property=\"og:image\" content=\"https:\/\/urban-nation.com\/wp-content\/uploads\/res-2.jpg\" \/>\n\t<meta property=\"og:image:width\" content=\"1280\" \/>\n\t<meta property=\"og:image:height\" content=\"601\" \/>\n\t<meta property=\"og:image:type\" content=\"image\/jpeg\" \/>\n<meta name=\"author\" content=\"BLITZEN\" \/>\n<script type=\"application\/ld+json\" class=\"yoast-schema-graph\">{\"@context\":\"https:\/\/schema.org\",\"@graph\":[{\"@type\":\"WebPage\",\"@id\":\"https:\/\/urban-nation.com\/de\/2018\/09\/artist-in-residence-programme\/\",\"url\":\"https:\/\/urban-nation.com\/de\/2018\/09\/artist-in-residence-programme\/\",\"name\":\"Artist in Residence Programme &#8211; Urban Nation\",\"isPartOf\":{\"@id\":\"https:\/\/urban-nation.com\/#website\"},\"primaryImageOfPage\":{\"@id\":\"https:\/\/urban-nation.com\/de\/2018\/09\/artist-in-residence-programme\/#primaryimage\"},\"image\":{\"@id\":\"https:\/\/urban-nation.com\/de\/2018\/09\/artist-in-residence-programme\/#primaryimage\"},\"thumbnailUrl\":\"https:\/\/urban-nation.com\/wp-content\/uploads\/res-2.jpg\",\"datePublished\":\"2018-09-17T11:20:07+00:00\",\"dateModified\":\"2022-06-15T08:30:08+00:00\",\"author\":{\"@id\":\"https:\/\/urban-nation.com\/#\/schema\/person\/0ca4f6cf35d6a8bd339dd6d1bc9a8f2e\"},\"description\":\"Fresh A.I.R. ist das Artist in Residence Programm von URBAN NATION in Berlin, mit Redinzen f\u00fcr K\u00fcnstler*innen \u00fcber dem URBAN NATION Mueseum.\",\"breadcrumb\":{\"@id\":\"https:\/\/urban-nation.com\/de\/2018\/09\/artist-in-residence-programme\/#breadcrumb\"},\"inLanguage\":\"de\",\"potentialAction\":[{\"@type\":\"ReadAction\",\"target\":[\"https:\/\/urban-nation.com\/de\/2018\/09\/artist-in-residence-programme\/\"]}]},{\"@type\":\"ImageObject\",\"inLanguage\":\"de\",\"@id\":\"https:\/\/urban-nation.com\/de\/2018\/09\/artist-in-residence-programme\/#primaryimage\",\"url\":\"https:\/\/urban-nation.com\/wp-content\/uploads\/res-2.jpg\",\"contentUrl\":\"https:\/\/urban-nation.com\/wp-content\/uploads\/res-2.jpg\",\"width\":1280,\"height\":601,\"caption\":\"Artist in Residence Berlin\"},{\"@type\":\"BreadcrumbList\",\"@id\":\"https:\/\/urban-nation.com\/de\/2018\/09\/artist-in-residence-programme\/#breadcrumb\",\"itemListElement\":[{\"@type\":\"ListItem\",\"position\":1,\"name\":\"Home\",\"item\":\"https:\/\/urban-nation.com\/de\/\"},{\"@type\":\"ListItem\",\"position\":2,\"name\":\"Artist in Residence Programme\"}]},{\"@type\":\"WebSite\",\"@id\":\"https:\/\/urban-nation.com\/#website\",\"url\":\"https:\/\/urban-nation.com\/\",\"name\":\"Urban Nation\",\"description\":\"Museum for Urban Contemporary Art\",\"potentialAction\":[{\"@type\":\"SearchAction\",\"target\":{\"@type\":\"EntryPoint\",\"urlTemplate\":\"https:\/\/urban-nation.com\/?s={search_term_string}\"},\"query-input\":{\"@type\":\"PropertyValueSpecification\",\"valueRequired\":true,\"valueName\":\"search_term_string\"}}],\"inLanguage\":\"de\"},{\"@type\":\"Person\",\"@id\":\"https:\/\/urban-nation.com\/#\/schema\/person\/0ca4f6cf35d6a8bd339dd6d1bc9a8f2e\",\"name\":\"BLITZEN\"}]}<\/script>\n<!-- \/ Yoast SEO plugin. -->","yoast_head_json":{"title":"Artist in Residence Programme &#8211; Urban Nation","description":"Fresh A.I.R. ist das Artist in Residence Programm von URBAN NATION in Berlin, mit Redinzen f\u00fcr K\u00fcnstler*innen \u00fcber dem URBAN NATION Mueseum.","robots":{"index":"index","follow":"follow","max-snippet":"max-snippet:-1","max-image-preview":"max-image-preview:large","max-video-preview":"max-video-preview:-1"},"canonical":"https:\/\/urban-nation.com\/de\/2018\/09\/artist-in-residence-programme\/","og_locale":"de_DE","og_type":"article","og_title":"Artist in Residence Programme &#8211; Urban Nation","og_description":"Fresh A.I.R. ist das Artist in Residence Programm von URBAN NATION in Berlin, mit Redinzen f\u00fcr K\u00fcnstler*innen \u00fcber dem URBAN NATION Mueseum.","og_url":"https:\/\/urban-nation.com\/de\/2018\/09\/artist-in-residence-programme\/","og_site_name":"Urban Nation","article_publisher":"https:\/\/www.facebook.com\/urbannationberlin","article_published_time":"2018-09-17T11:20:07+00:00","article_modified_time":"2022-06-15T08:30:08+00:00","og_image":[{"width":1280,"height":601,"url":"https:\/\/urban-nation.com\/wp-content\/uploads\/res-2.jpg","type":"image\/jpeg"}],"author":"BLITZEN","schema":{"@context":"https:\/\/schema.org","@graph":[{"@type":"WebPage","@id":"https:\/\/urban-nation.com\/de\/2018\/09\/artist-in-residence-programme\/","url":"https:\/\/urban-nation.com\/de\/2018\/09\/artist-in-residence-programme\/","name":"Artist in Residence Programme &#8211; Urban Nation","isPartOf":{"@id":"https:\/\/urban-nation.com\/#website"},"primaryImageOfPage":{"@id":"https:\/\/urban-nation.com\/de\/2018\/09\/artist-in-residence-programme\/#primaryimage"},"image":{"@id":"https:\/\/urban-nation.com\/de\/2018\/09\/artist-in-residence-programme\/#primaryimage"},"thumbnailUrl":"https:\/\/urban-nation.com\/wp-content\/uploads\/res-2.jpg","datePublished":"2018-09-17T11:20:07+00:00","dateModified":"2022-06-15T08:30:08+00:00","author":{"@id":"https:\/\/urban-nation.com\/#\/schema\/person\/0ca4f6cf35d6a8bd339dd6d1bc9a8f2e"},"description":"Fresh A.I.R. ist das Artist in Residence Programm von URBAN NATION in Berlin, mit Redinzen f\u00fcr K\u00fcnstler*innen \u00fcber dem URBAN NATION Mueseum.","breadcrumb":{"@id":"https:\/\/urban-nation.com\/de\/2018\/09\/artist-in-residence-programme\/#breadcrumb"},"inLanguage":"de","potentialAction":[{"@type":"ReadAction","target":["https:\/\/urban-nation.com\/de\/2018\/09\/artist-in-residence-programme\/"]}]},{"@type":"ImageObject","inLanguage":"de","@id":"https:\/\/urban-nation.com\/de\/2018\/09\/artist-in-residence-programme\/#primaryimage","url":"https:\/\/urban-nation.com\/wp-content\/uploads\/res-2.jpg","contentUrl":"https:\/\/urban-nation.com\/wp-content\/uploads\/res-2.jpg","width":1280,"height":601,"caption":"Artist in Residence Berlin"},{"@type":"BreadcrumbList","@id":"https:\/\/urban-nation.com\/de\/2018\/09\/artist-in-residence-programme\/#breadcrumb","itemListElement":[{"@type":"ListItem","position":1,"name":"Home","item":"https:\/\/urban-nation.com\/de\/"},{"@type":"ListItem","position":2,"name":"Artist in Residence Programme"}]},{"@type":"WebSite","@id":"https:\/\/urban-nation.com\/#website","url":"https:\/\/urban-nation.com\/","name":"Urban Nation","description":"Museum for Urban Contemporary Art","potentialAction":[{"@type":"SearchAction","target":{"@type":"EntryPoint","urlTemplate":"https:\/\/urban-nation.com\/?s={search_term_string}"},"query-input":{"@type":"PropertyValueSpecification","valueRequired":true,"valueName":"search_term_string"}}],"inLanguage":"de"},{"@type":"Person","@id":"https:\/\/urban-nation.com\/#\/schema\/person\/0ca4f6cf35d6a8bd339dd6d1bc9a8f2e","name":"BLITZEN"}]}},"_links":{"self":[{"href":"https:\/\/urban-nation.com\/de\/wp-json\/wp\/v2\/posts\/17202","targetHints":{"allow":["GET"]}}],"collection":[{"href":"https:\/\/urban-nation.com\/de\/wp-json\/wp\/v2\/posts"}],"about":[{"href":"https:\/\/urban-nation.com\/de\/wp-json\/wp\/v2\/types\/post"}],"author":[{"embeddable":true,"href":"https:\/\/urban-nation.com\/de\/wp-json\/wp\/v2\/users\/21"}],"replies":[{"embeddable":true,"href":"https:\/\/urban-nation.com\/de\/wp-json\/wp\/v2\/comments?post=17202"}],"version-history":[{"count":3,"href":"https:\/\/urban-nation.com\/de\/wp-json\/wp\/v2\/posts\/17202\/revisions"}],"predecessor-version":[{"id":564844,"href":"https:\/\/urban-nation.com\/de\/wp-json\/wp\/v2\/posts\/17202\/revisions\/564844"}],"wp:featuredmedia":[{"embeddable":true,"href":"https:\/\/urban-nation.com\/de\/wp-json\/wp\/v2\/media\/17573"}],"wp:attachment":[{"href":"https:\/\/urban-nation.com\/de\/wp-json\/wp\/v2\/media?parent=17202"}],"wp:term":[{"taxonomy":"category","embeddable":true,"href":"https:\/\/urban-nation.com\/de\/wp-json\/wp\/v2\/categories?post=17202"},{"taxonomy":"post_tag","embeddable":true,"href":"https:\/\/urban-nation.com\/de\/wp-json\/wp\/v2\/tags?post=17202"},{"taxonomy":"un-event-series","embeddable":true,"href":"https:\/\/urban-nation.com\/de\/wp-json\/wp\/v2\/un-event-series?post=17202"}],"curies":[{"name":"wp","href":"https:\/\/api.w.org\/{rel}","templated":true}]}}