{"id":37521,"date":"2019-06-12T14:01:00","date_gmt":"2019-06-12T12:01:00","guid":{"rendered":"https:\/\/urban-nation.com\/?p=37521"},"modified":"2022-06-21T16:01:42","modified_gmt":"2022-06-21T14:01:42","slug":"community-wall-by-nuno-viegas-nina-fernande","status":"publish","type":"post","link":"https:\/\/urban-nation.com\/de\/2019\/06\/community-wall-by-nuno-viegas-nina-fernande\/","title":{"rendered":"Community Wall by Nuno Viegas &#038; Nina Fernande"},"content":{"rendered":"\n<p>Der portugiesische K\u00fcnstler Nuno Viegas ist ein langj\u00e4hriger Freund und Unterst\u00fctzer von URBAN NATION. Seine aufsehenerregende <span style=\"text-decoration: underline;\"><a href=\"https:\/\/urban-nation.com\/de\/2018\/08\/in-the-studio-nuno-viegas\/\">Installation der drei vermummten Graffiti-Sprayer<\/a><\/span> ist in der aktuellen Museumsausstellung zu bestaunen. Er war mit <span style=\"text-decoration: underline;\"><a href=\"https:\/\/www.instagram.com\/nina.fernande\/\" target=\"_blank\" rel=\"noopener noreferrer\">Nina Fernande<\/a><\/span> in der Stadt und besuchte mit der aufstrebenden K\u00fcnstlerin und Illustratorin aus den Niederlanden nicht nur das URBAN NATION MUSEUM FOR URBAN CONTEMPORARY ART, beide z\u00fcckten auch gleich die Pinsel und kreierten ganz spontan in einer gemeinsamen Arbeit eine neue Community Wall.<\/p>\n\n\n\n<p>Zu sehen ist das Ergebnis der Kollaboration von Nuno Viegas und Nina Fernande in der Frobenstra\u00dfe, Berlin-Sch\u00f6neberg.<\/p>\n\n\n\n<p>Fotos: <a href=\"https:\/\/www.nika-kramer.com\" target=\"_blank\" rel=\"noopener noreferrer\"><span style=\"text-decoration: underline;\">Nika Kramer<\/span><\/a><\/p>\n\n\n\t\t<section class=\"slider-section\" data-controls=\"true\" data-gallery=\"false\" data-lightbox=\"true\" data-download=\"true\" data-auto=\"false\">\n\t\t\t<ul id=\"module-gallery-slider-slider-block_5ffeb46f48c7a\" class=\"caption-slider\">\n\t\t\t\t\t\t\t\t\t<li class=\"slider-element\" data-thumb=\"https:\/\/urban-nation.com\/wp-content\/uploads\/UN-Viegas-Fernande-CWall-001-NK-250x250.jpg\"\n\t\t\t\t\t\tdata-src=\"https:\/\/urban-nation.com\/wp-content\/uploads\/UN-Viegas-Fernande-CWall-001-NK.jpg\">\n\t\t\t\t\t\t<div class=\"media-element\">\n\t\t\t\t\t\t\t<img loading=\"lazy\" decoding=\"async\" width=\"671\" height=\"960\" src=\"https:\/\/urban-nation.com\/wp-content\/uploads\/UN-Viegas-Fernande-CWall-001-NK-671x960.jpg\" class=\"gallery-slider-image\" alt=\"Nuno Viegas Nina Fernande Community Wall\" srcset=\"https:\/\/urban-nation.com\/wp-content\/uploads\/UN-Viegas-Fernande-CWall-001-NK-671x960.jpg 671w, https:\/\/urban-nation.com\/wp-content\/uploads\/UN-Viegas-Fernande-CWall-001-NK-447x640.jpg 447w, https:\/\/urban-nation.com\/wp-content\/uploads\/UN-Viegas-Fernande-CWall-001-NK-768x1099.jpg 768w, https:\/\/urban-nation.com\/wp-content\/uploads\/UN-Viegas-Fernande-CWall-001-NK-1007x1440.jpg 1007w, https:\/\/urban-nation.com\/wp-content\/uploads\/UN-Viegas-Fernande-CWall-001-NK.jpg 1651w\" sizes=\"auto, (max-width: 671px) 100vw, 671px\" \/>\t\t\t\t\t\t<\/div>\n\t\t\t\t\t\t<div class=\"slide-description\">\n\t\t\t\t\t\t\t\t\t\t\t\t\t<\/div>\n\t\t\t\t\t<\/li>\n\t\t\t\t\t\t\t\t\t<li class=\"slider-element\" data-thumb=\"https:\/\/urban-nation.com\/wp-content\/uploads\/UN-Viegas-Fernande-CWall-004-NK-250x250.jpg\"\n\t\t\t\t\t\tdata-src=\"https:\/\/urban-nation.com\/wp-content\/uploads\/UN-Viegas-Fernande-CWall-004-NK.jpg\">\n\t\t\t\t\t\t<div class=\"media-element\">\n\t\t\t\t\t\t\t<img loading=\"lazy\" decoding=\"async\" width=\"960\" height=\"640\" src=\"https:\/\/urban-nation.com\/wp-content\/uploads\/UN-Viegas-Fernande-CWall-004-NK-960x640.jpg\" class=\"gallery-slider-image\" alt=\"Nuno Viegas Nina Fernande URBAN NATION\" srcset=\"https:\/\/urban-nation.com\/wp-content\/uploads\/UN-Viegas-Fernande-CWall-004-NK-960x640.jpg 960w, https:\/\/urban-nation.com\/wp-content\/uploads\/UN-Viegas-Fernande-CWall-004-NK-640x427.jpg 640w, https:\/\/urban-nation.com\/wp-content\/uploads\/UN-Viegas-Fernande-CWall-004-NK-768x512.jpg 768w, https:\/\/urban-nation.com\/wp-content\/uploads\/UN-Viegas-Fernande-CWall-004-NK-1440x960.jpg 1440w\" sizes=\"auto, (max-width: 960px) 100vw, 960px\" \/>\t\t\t\t\t\t<\/div>\n\t\t\t\t\t\t<div class=\"slide-description\">\n\t\t\t\t\t\t\t\t\t\t\t\t\t<\/div>\n\t\t\t\t\t<\/li>\n\t\t\t\t\t\t\t\t\t<li class=\"slider-element\" data-thumb=\"https:\/\/urban-nation.com\/wp-content\/uploads\/UN-Viegas-Fernande-CWall-005-NK-250x250.jpg\"\n\t\t\t\t\t\tdata-src=\"https:\/\/urban-nation.com\/wp-content\/uploads\/UN-Viegas-Fernande-CWall-005-NK.jpg\">\n\t\t\t\t\t\t<div class=\"media-element\">\n\t\t\t\t\t\t\t<img loading=\"lazy\" decoding=\"async\" width=\"960\" height=\"640\" src=\"https:\/\/urban-nation.com\/wp-content\/uploads\/UN-Viegas-Fernande-CWall-005-NK-960x640.jpg\" class=\"gallery-slider-image\" alt=\"Nuno Viegas Nina Fernande Community Wall\" srcset=\"https:\/\/urban-nation.com\/wp-content\/uploads\/UN-Viegas-Fernande-CWall-005-NK-960x640.jpg 960w, https:\/\/urban-nation.com\/wp-content\/uploads\/UN-Viegas-Fernande-CWall-005-NK-640x427.jpg 640w, https:\/\/urban-nation.com\/wp-content\/uploads\/UN-Viegas-Fernande-CWall-005-NK-768x512.jpg 768w, https:\/\/urban-nation.com\/wp-content\/uploads\/UN-Viegas-Fernande-CWall-005-NK-1440x960.jpg 1440w\" sizes=\"auto, (max-width: 960px) 100vw, 960px\" \/>\t\t\t\t\t\t<\/div>\n\t\t\t\t\t\t<div class=\"slide-description\">\n\t\t\t\t\t\t\t\t\t\t\t\t\t<\/div>\n\t\t\t\t\t<\/li>\n\t\t\t\t\t\t\t\t\t<li class=\"slider-element\" data-thumb=\"https:\/\/urban-nation.com\/wp-content\/uploads\/UN-Viegas-Fernande-CWall-007-NK-250x250.jpg\"\n\t\t\t\t\t\tdata-src=\"https:\/\/urban-nation.com\/wp-content\/uploads\/UN-Viegas-Fernande-CWall-007-NK.jpg\">\n\t\t\t\t\t\t<div class=\"media-element\">\n\t\t\t\t\t\t\t<img loading=\"lazy\" decoding=\"async\" width=\"640\" height=\"960\" src=\"https:\/\/urban-nation.com\/wp-content\/uploads\/UN-Viegas-Fernande-CWall-007-NK-640x960.jpg\" class=\"gallery-slider-image\" alt=\"Nuno Viegas Nina Fernande Community Wall\" srcset=\"https:\/\/urban-nation.com\/wp-content\/uploads\/UN-Viegas-Fernande-CWall-007-NK-640x960.jpg 640w, https:\/\/urban-nation.com\/wp-content\/uploads\/UN-Viegas-Fernande-CWall-007-NK-426x640.jpg 426w, https:\/\/urban-nation.com\/wp-content\/uploads\/UN-Viegas-Fernande-CWall-007-NK-768x1152.jpg 768w, https:\/\/urban-nation.com\/wp-content\/uploads\/UN-Viegas-Fernande-CWall-007-NK-960x1440.jpg 960w, https:\/\/urban-nation.com\/wp-content\/uploads\/UN-Viegas-Fernande-CWall-007-NK.jpg 1574w\" sizes=\"auto, (max-width: 640px) 100vw, 640px\" \/>\t\t\t\t\t\t<\/div>\n\t\t\t\t\t\t<div class=\"slide-description\">\n\t\t\t\t\t\t\t\t\t\t\t\t\t<\/div>\n\t\t\t\t\t<\/li>\n\t\t\t\t\t\t\t\t\t<li class=\"slider-element\" data-thumb=\"https:\/\/urban-nation.com\/wp-content\/uploads\/UN-Viegas-Fernande-CWall-008-NK-250x250.jpg\"\n\t\t\t\t\t\tdata-src=\"https:\/\/urban-nation.com\/wp-content\/uploads\/UN-Viegas-Fernande-CWall-008-NK.jpg\">\n\t\t\t\t\t\t<div class=\"media-element\">\n\t\t\t\t\t\t\t<img loading=\"lazy\" decoding=\"async\" width=\"960\" height=\"656\" src=\"https:\/\/urban-nation.com\/wp-content\/uploads\/UN-Viegas-Fernande-CWall-008-NK-960x656.jpg\" class=\"gallery-slider-image\" alt=\"Nuno Viegas Nina Fernande Community Wall\" srcset=\"https:\/\/urban-nation.com\/wp-content\/uploads\/UN-Viegas-Fernande-CWall-008-NK-960x656.jpg 960w, https:\/\/urban-nation.com\/wp-content\/uploads\/UN-Viegas-Fernande-CWall-008-NK-640x437.jpg 640w, https:\/\/urban-nation.com\/wp-content\/uploads\/UN-Viegas-Fernande-CWall-008-NK-768x524.jpg 768w, https:\/\/urban-nation.com\/wp-content\/uploads\/UN-Viegas-Fernande-CWall-008-NK-1440x983.jpg 1440w\" sizes=\"auto, (max-width: 960px) 100vw, 960px\" \/>\t\t\t\t\t\t<\/div>\n\t\t\t\t\t\t<div class=\"slide-description\">\n\t\t\t\t\t\t\t\t\t\t\t\t\t<\/div>\n\t\t\t\t\t<\/li>\n\t\t\t\t\t\t\t\t\t<li class=\"slider-element\" data-thumb=\"https:\/\/urban-nation.com\/wp-content\/uploads\/UN-Viegas-Fernande-CWall-012-NK-250x250.jpg\"\n\t\t\t\t\t\tdata-src=\"https:\/\/urban-nation.com\/wp-content\/uploads\/UN-Viegas-Fernande-CWall-012-NK.jpg\">\n\t\t\t\t\t\t<div class=\"media-element\">\n\t\t\t\t\t\t\t<img loading=\"lazy\" decoding=\"async\" width=\"960\" height=\"640\" src=\"https:\/\/urban-nation.com\/wp-content\/uploads\/UN-Viegas-Fernande-CWall-012-NK-960x640.jpg\" class=\"gallery-slider-image\" alt=\"Nuno Viegas Nina Fernande Community Wall\" srcset=\"https:\/\/urban-nation.com\/wp-content\/uploads\/UN-Viegas-Fernande-CWall-012-NK-960x640.jpg 960w, https:\/\/urban-nation.com\/wp-content\/uploads\/UN-Viegas-Fernande-CWall-012-NK-640x427.jpg 640w, https:\/\/urban-nation.com\/wp-content\/uploads\/UN-Viegas-Fernande-CWall-012-NK-768x512.jpg 768w, https:\/\/urban-nation.com\/wp-content\/uploads\/UN-Viegas-Fernande-CWall-012-NK-1440x960.jpg 1440w\" sizes=\"auto, (max-width: 960px) 100vw, 960px\" \/>\t\t\t\t\t\t<\/div>\n\t\t\t\t\t\t<div class=\"slide-description\">\n\t\t\t\t\t\t\t\t\t\t\t\t\t<\/div>\n\t\t\t\t\t<\/li>\n\t\t\t\t\t\t\t\t\t<li class=\"slider-element\" data-thumb=\"https:\/\/urban-nation.com\/wp-content\/uploads\/UN-Viegas-Fernande-CWall-013-NK-250x250.jpg\"\n\t\t\t\t\t\tdata-src=\"https:\/\/urban-nation.com\/wp-content\/uploads\/UN-Viegas-Fernande-CWall-013-NK.jpg\">\n\t\t\t\t\t\t<div class=\"media-element\">\n\t\t\t\t\t\t\t<img loading=\"lazy\" decoding=\"async\" width=\"960\" height=\"640\" src=\"https:\/\/urban-nation.com\/wp-content\/uploads\/UN-Viegas-Fernande-CWall-013-NK-960x640.jpg\" class=\"gallery-slider-image\" alt=\"Nuno Viegas Nina Fernande Community Wall\" srcset=\"https:\/\/urban-nation.com\/wp-content\/uploads\/UN-Viegas-Fernande-CWall-013-NK-960x640.jpg 960w, https:\/\/urban-nation.com\/wp-content\/uploads\/UN-Viegas-Fernande-CWall-013-NK-640x427.jpg 640w, https:\/\/urban-nation.com\/wp-content\/uploads\/UN-Viegas-Fernande-CWall-013-NK-768x512.jpg 768w, https:\/\/urban-nation.com\/wp-content\/uploads\/UN-Viegas-Fernande-CWall-013-NK-1440x960.jpg 1440w\" sizes=\"auto, (max-width: 960px) 100vw, 960px\" \/>\t\t\t\t\t\t<\/div>\n\t\t\t\t\t\t<div class=\"slide-description\">\n\t\t\t\t\t\t\t\t\t\t\t\t\t<\/div>\n\t\t\t\t\t<\/li>\n\t\t\t\t\t\t\t\t\t<li class=\"slider-element\" data-thumb=\"https:\/\/urban-nation.com\/wp-content\/uploads\/UN-Viegas-Fernande-CWall-014-NK-250x250.jpg\"\n\t\t\t\t\t\tdata-src=\"https:\/\/urban-nation.com\/wp-content\/uploads\/UN-Viegas-Fernande-CWall-014-NK.jpg\">\n\t\t\t\t\t\t<div class=\"media-element\">\n\t\t\t\t\t\t\t<img loading=\"lazy\" decoding=\"async\" width=\"960\" height=\"650\" src=\"https:\/\/urban-nation.com\/wp-content\/uploads\/UN-Viegas-Fernande-CWall-014-NK-960x650.jpg\" class=\"gallery-slider-image\" alt=\"Nuno Viegas Nina Fernande URBAN NATION\" srcset=\"https:\/\/urban-nation.com\/wp-content\/uploads\/UN-Viegas-Fernande-CWall-014-NK-960x650.jpg 960w, https:\/\/urban-nation.com\/wp-content\/uploads\/UN-Viegas-Fernande-CWall-014-NK-640x434.jpg 640w, https:\/\/urban-nation.com\/wp-content\/uploads\/UN-Viegas-Fernande-CWall-014-NK-768x520.jpg 768w, https:\/\/urban-nation.com\/wp-content\/uploads\/UN-Viegas-Fernande-CWall-014-NK-1440x975.jpg 1440w\" sizes=\"auto, (max-width: 960px) 100vw, 960px\" \/>\t\t\t\t\t\t<\/div>\n\t\t\t\t\t\t<div class=\"slide-description\">\n\t\t\t\t\t\t\t\t\t\t\t\t\t<\/div>\n\t\t\t\t\t<\/li>\n\t\t\t\t\t\t\t<\/ul>\n\t\t<\/section>\n\t","protected":false},"excerpt":{"rendered":"<p>Der portugiesische K\u00fcnstler Nuno Viegas ist ein langj\u00e4hriger Freund und Unterst\u00fctzer von URBAN NATION. Seine aufsehenerregende Installation der drei vermummten Graffiti-Sprayer ist in der aktuellen Museumsausstellung zu bestaunen. Er war mit Nina Fernande in der Stadt und besuchte mit der [&hellip;]<\/p>\n","protected":false},"author":21,"featured_media":37518,"comment_status":"closed","ping_status":"closed","sticky":false,"template":"","format":"standard","meta":{"_acf_changed":false,"footnotes":""},"categories":[106,163,110,114],"tags":[],"un-event-series":[211,233],"class_list":["post-37521","post","type-post","status-publish","format-standard","has-post-thumbnail","hentry","category-blog-de","category-community-wall-de","category-projects-de","category-urban-nation-de","un-event-series-community-wall","un-event-series-community-wall-2019"],"acf":[],"yoast_head":"<!-- This site is optimized with the Yoast SEO plugin v24.1 - https:\/\/yoast.com\/wordpress\/plugins\/seo\/ -->\n<title>Community Wall by Nuno Viegas &amp; Nina Fernande &#8211; Urban Nation<\/title>\n<meta name=\"description\" content=\"Entdecke die neue Community Wall der K\u00fcnstler*innen Nuno Viegas und Nina Fernande in der Frobenstra\u00dfe in Berlin-Sch\u00f6neberg. Jetzt ansehen!\" \/>\n<meta name=\"robots\" content=\"index, follow, max-snippet:-1, max-image-preview:large, max-video-preview:-1\" \/>\n<link rel=\"canonical\" href=\"https:\/\/urban-nation.com\/de\/2019\/06\/community-wall-by-nuno-viegas-nina-fernande\/\" \/>\n<meta property=\"og:locale\" content=\"de_DE\" \/>\n<meta property=\"og:type\" content=\"article\" \/>\n<meta property=\"og:title\" content=\"Community Wall by Nuno Viegas &amp; Nina Fernande &#8211; Urban Nation\" \/>\n<meta property=\"og:description\" content=\"Entdecke die neue Community Wall der K\u00fcnstler*innen Nuno Viegas und Nina Fernande in der Frobenstra\u00dfe in Berlin-Sch\u00f6neberg. Jetzt ansehen!\" \/>\n<meta property=\"og:url\" content=\"https:\/\/urban-nation.com\/de\/2019\/06\/community-wall-by-nuno-viegas-nina-fernande\/\" \/>\n<meta property=\"og:site_name\" content=\"Urban Nation\" \/>\n<meta property=\"article:publisher\" content=\"https:\/\/www.facebook.com\/urbannationberlin\" \/>\n<meta property=\"article:published_time\" content=\"2019-06-12T12:01:00+00:00\" \/>\n<meta property=\"article:modified_time\" content=\"2022-06-21T14:01:42+00:00\" \/>\n<meta property=\"og:image\" content=\"https:\/\/urban-nation.com\/wp-content\/uploads\/UNPR19_CommunityWall_ViegasFernande_1440x675_Header_schwarz_190522.jpg\" \/>\n\t<meta property=\"og:image:width\" content=\"1440\" \/>\n\t<meta property=\"og:image:height\" content=\"675\" \/>\n\t<meta property=\"og:image:type\" content=\"image\/jpeg\" \/>\n<meta name=\"author\" content=\"BLITZEN\" \/>\n<script type=\"application\/ld+json\" class=\"yoast-schema-graph\">{\"@context\":\"https:\/\/schema.org\",\"@graph\":[{\"@type\":\"WebPage\",\"@id\":\"https:\/\/urban-nation.com\/de\/2019\/06\/community-wall-by-nuno-viegas-nina-fernande\/\",\"url\":\"https:\/\/urban-nation.com\/de\/2019\/06\/community-wall-by-nuno-viegas-nina-fernande\/\",\"name\":\"Community Wall by Nuno Viegas & Nina Fernande &#8211; Urban Nation\",\"isPartOf\":{\"@id\":\"https:\/\/urban-nation.com\/#website\"},\"primaryImageOfPage\":{\"@id\":\"https:\/\/urban-nation.com\/de\/2019\/06\/community-wall-by-nuno-viegas-nina-fernande\/#primaryimage\"},\"image\":{\"@id\":\"https:\/\/urban-nation.com\/de\/2019\/06\/community-wall-by-nuno-viegas-nina-fernande\/#primaryimage\"},\"thumbnailUrl\":\"https:\/\/urban-nation.com\/wp-content\/uploads\/UNPR19_CommunityWall_ViegasFernande_1440x675_Header_schwarz_190522.jpg\",\"datePublished\":\"2019-06-12T12:01:00+00:00\",\"dateModified\":\"2022-06-21T14:01:42+00:00\",\"author\":{\"@id\":\"https:\/\/urban-nation.com\/#\/schema\/person\/0ca4f6cf35d6a8bd339dd6d1bc9a8f2e\"},\"description\":\"Entdecke die neue Community Wall der K\u00fcnstler*innen Nuno Viegas und Nina Fernande in der Frobenstra\u00dfe in Berlin-Sch\u00f6neberg. Jetzt ansehen!\",\"breadcrumb\":{\"@id\":\"https:\/\/urban-nation.com\/de\/2019\/06\/community-wall-by-nuno-viegas-nina-fernande\/#breadcrumb\"},\"inLanguage\":\"de\",\"potentialAction\":[{\"@type\":\"ReadAction\",\"target\":[\"https:\/\/urban-nation.com\/de\/2019\/06\/community-wall-by-nuno-viegas-nina-fernande\/\"]}]},{\"@type\":\"ImageObject\",\"inLanguage\":\"de\",\"@id\":\"https:\/\/urban-nation.com\/de\/2019\/06\/community-wall-by-nuno-viegas-nina-fernande\/#primaryimage\",\"url\":\"https:\/\/urban-nation.com\/wp-content\/uploads\/UNPR19_CommunityWall_ViegasFernande_1440x675_Header_schwarz_190522.jpg\",\"contentUrl\":\"https:\/\/urban-nation.com\/wp-content\/uploads\/UNPR19_CommunityWall_ViegasFernande_1440x675_Header_schwarz_190522.jpg\",\"width\":1440,\"height\":675,\"caption\":\"Nuno Viegas mural Berlin\"},{\"@type\":\"BreadcrumbList\",\"@id\":\"https:\/\/urban-nation.com\/de\/2019\/06\/community-wall-by-nuno-viegas-nina-fernande\/#breadcrumb\",\"itemListElement\":[{\"@type\":\"ListItem\",\"position\":1,\"name\":\"Home\",\"item\":\"https:\/\/urban-nation.com\/de\/\"},{\"@type\":\"ListItem\",\"position\":2,\"name\":\"Community Wall by Nuno Viegas &#038; Nina Fernande\"}]},{\"@type\":\"WebSite\",\"@id\":\"https:\/\/urban-nation.com\/#website\",\"url\":\"https:\/\/urban-nation.com\/\",\"name\":\"Urban Nation\",\"description\":\"Museum for Urban Contemporary Art\",\"potentialAction\":[{\"@type\":\"SearchAction\",\"target\":{\"@type\":\"EntryPoint\",\"urlTemplate\":\"https:\/\/urban-nation.com\/?s={search_term_string}\"},\"query-input\":{\"@type\":\"PropertyValueSpecification\",\"valueRequired\":true,\"valueName\":\"search_term_string\"}}],\"inLanguage\":\"de\"},{\"@type\":\"Person\",\"@id\":\"https:\/\/urban-nation.com\/#\/schema\/person\/0ca4f6cf35d6a8bd339dd6d1bc9a8f2e\",\"name\":\"BLITZEN\"}]}<\/script>\n<!-- \/ Yoast SEO plugin. -->","yoast_head_json":{"title":"Community Wall by Nuno Viegas & Nina Fernande &#8211; Urban Nation","description":"Entdecke die neue Community Wall der K\u00fcnstler*innen Nuno Viegas und Nina Fernande in der Frobenstra\u00dfe in Berlin-Sch\u00f6neberg. Jetzt ansehen!","robots":{"index":"index","follow":"follow","max-snippet":"max-snippet:-1","max-image-preview":"max-image-preview:large","max-video-preview":"max-video-preview:-1"},"canonical":"https:\/\/urban-nation.com\/de\/2019\/06\/community-wall-by-nuno-viegas-nina-fernande\/","og_locale":"de_DE","og_type":"article","og_title":"Community Wall by Nuno Viegas & Nina Fernande &#8211; Urban Nation","og_description":"Entdecke die neue Community Wall der K\u00fcnstler*innen Nuno Viegas und Nina Fernande in der Frobenstra\u00dfe in Berlin-Sch\u00f6neberg. Jetzt ansehen!","og_url":"https:\/\/urban-nation.com\/de\/2019\/06\/community-wall-by-nuno-viegas-nina-fernande\/","og_site_name":"Urban Nation","article_publisher":"https:\/\/www.facebook.com\/urbannationberlin","article_published_time":"2019-06-12T12:01:00+00:00","article_modified_time":"2022-06-21T14:01:42+00:00","og_image":[{"width":1440,"height":675,"url":"https:\/\/urban-nation.com\/wp-content\/uploads\/UNPR19_CommunityWall_ViegasFernande_1440x675_Header_schwarz_190522.jpg","type":"image\/jpeg"}],"author":"BLITZEN","schema":{"@context":"https:\/\/schema.org","@graph":[{"@type":"WebPage","@id":"https:\/\/urban-nation.com\/de\/2019\/06\/community-wall-by-nuno-viegas-nina-fernande\/","url":"https:\/\/urban-nation.com\/de\/2019\/06\/community-wall-by-nuno-viegas-nina-fernande\/","name":"Community Wall by Nuno Viegas & Nina Fernande &#8211; Urban Nation","isPartOf":{"@id":"https:\/\/urban-nation.com\/#website"},"primaryImageOfPage":{"@id":"https:\/\/urban-nation.com\/de\/2019\/06\/community-wall-by-nuno-viegas-nina-fernande\/#primaryimage"},"image":{"@id":"https:\/\/urban-nation.com\/de\/2019\/06\/community-wall-by-nuno-viegas-nina-fernande\/#primaryimage"},"thumbnailUrl":"https:\/\/urban-nation.com\/wp-content\/uploads\/UNPR19_CommunityWall_ViegasFernande_1440x675_Header_schwarz_190522.jpg","datePublished":"2019-06-12T12:01:00+00:00","dateModified":"2022-06-21T14:01:42+00:00","author":{"@id":"https:\/\/urban-nation.com\/#\/schema\/person\/0ca4f6cf35d6a8bd339dd6d1bc9a8f2e"},"description":"Entdecke die neue Community Wall der K\u00fcnstler*innen Nuno Viegas und Nina Fernande in der Frobenstra\u00dfe in Berlin-Sch\u00f6neberg. Jetzt ansehen!","breadcrumb":{"@id":"https:\/\/urban-nation.com\/de\/2019\/06\/community-wall-by-nuno-viegas-nina-fernande\/#breadcrumb"},"inLanguage":"de","potentialAction":[{"@type":"ReadAction","target":["https:\/\/urban-nation.com\/de\/2019\/06\/community-wall-by-nuno-viegas-nina-fernande\/"]}]},{"@type":"ImageObject","inLanguage":"de","@id":"https:\/\/urban-nation.com\/de\/2019\/06\/community-wall-by-nuno-viegas-nina-fernande\/#primaryimage","url":"https:\/\/urban-nation.com\/wp-content\/uploads\/UNPR19_CommunityWall_ViegasFernande_1440x675_Header_schwarz_190522.jpg","contentUrl":"https:\/\/urban-nation.com\/wp-content\/uploads\/UNPR19_CommunityWall_ViegasFernande_1440x675_Header_schwarz_190522.jpg","width":1440,"height":675,"caption":"Nuno Viegas mural Berlin"},{"@type":"BreadcrumbList","@id":"https:\/\/urban-nation.com\/de\/2019\/06\/community-wall-by-nuno-viegas-nina-fernande\/#breadcrumb","itemListElement":[{"@type":"ListItem","position":1,"name":"Home","item":"https:\/\/urban-nation.com\/de\/"},{"@type":"ListItem","position":2,"name":"Community Wall by Nuno Viegas &#038; Nina Fernande"}]},{"@type":"WebSite","@id":"https:\/\/urban-nation.com\/#website","url":"https:\/\/urban-nation.com\/","name":"Urban Nation","description":"Museum for Urban Contemporary Art","potentialAction":[{"@type":"SearchAction","target":{"@type":"EntryPoint","urlTemplate":"https:\/\/urban-nation.com\/?s={search_term_string}"},"query-input":{"@type":"PropertyValueSpecification","valueRequired":true,"valueName":"search_term_string"}}],"inLanguage":"de"},{"@type":"Person","@id":"https:\/\/urban-nation.com\/#\/schema\/person\/0ca4f6cf35d6a8bd339dd6d1bc9a8f2e","name":"BLITZEN"}]}},"_links":{"self":[{"href":"https:\/\/urban-nation.com\/de\/wp-json\/wp\/v2\/posts\/37521","targetHints":{"allow":["GET"]}}],"collection":[{"href":"https:\/\/urban-nation.com\/de\/wp-json\/wp\/v2\/posts"}],"about":[{"href":"https:\/\/urban-nation.com\/de\/wp-json\/wp\/v2\/types\/post"}],"author":[{"embeddable":true,"href":"https:\/\/urban-nation.com\/de\/wp-json\/wp\/v2\/users\/21"}],"replies":[{"embeddable":true,"href":"https:\/\/urban-nation.com\/de\/wp-json\/wp\/v2\/comments?post=37521"}],"version-history":[{"count":3,"href":"https:\/\/urban-nation.com\/de\/wp-json\/wp\/v2\/posts\/37521\/revisions"}],"predecessor-version":[{"id":565197,"href":"https:\/\/urban-nation.com\/de\/wp-json\/wp\/v2\/posts\/37521\/revisions\/565197"}],"wp:featuredmedia":[{"embeddable":true,"href":"https:\/\/urban-nation.com\/de\/wp-json\/wp\/v2\/media\/37518"}],"wp:attachment":[{"href":"https:\/\/urban-nation.com\/de\/wp-json\/wp\/v2\/media?parent=37521"}],"wp:term":[{"taxonomy":"category","embeddable":true,"href":"https:\/\/urban-nation.com\/de\/wp-json\/wp\/v2\/categories?post=37521"},{"taxonomy":"post_tag","embeddable":true,"href":"https:\/\/urban-nation.com\/de\/wp-json\/wp\/v2\/tags?post=37521"},{"taxonomy":"un-event-series","embeddable":true,"href":"https:\/\/urban-nation.com\/de\/wp-json\/wp\/v2\/un-event-series?post=37521"}],"curies":[{"name":"wp","href":"https:\/\/api.w.org\/{rel}","templated":true}]}}