{"id":484507,"date":"2021-03-08T15:04:00","date_gmt":"2021-03-08T14:04:00","guid":{"rendered":"https:\/\/urban-nation.com\/?p=484507"},"modified":"2022-02-07T12:02:02","modified_gmt":"2022-02-07T11:02:02","slug":"brave-wall-wuerdigt-menschenrechtsverteidigerin-marielle-franco","status":"publish","type":"post","link":"https:\/\/urban-nation.com\/de\/2021\/03\/brave-wall-wuerdigt-menschenrechtsverteidigerin-marielle-franco\/","title":{"rendered":"\u201eBrave Wall\u201c w\u00fcrdigt Menschenrechtsverteidigerin Marielle Franco"},"content":{"rendered":"\n<p><strong>Das URBAN NATION Museum in Berlin und Amnesty International<\/strong><strong> <\/strong><strong>begehen den Internationalen Frauentag am 8. M\u00e4rz gemeinsam. In Zusammenarbeit mit der K\u00fcnstlerin Katerina Voronina entstand ein Mural zu Ehren der ermordeten Menschenrechtsverteidigerin Marielle Franco. 50 Liter Acrylfarbe schm\u00fccken von nun an eine Hausfassade in Berlin-Kreuzberg.<\/strong><strong><\/strong><\/p>\n\n\n\n<p>Die erste \u201eBrave Wall\u201c von Amnesty International in Deutschland w\u00fcrdigt die Arbeit der Menschenrechtsverteidigerin Marielle Franco, die am 14. M\u00e4rz 2018 in ihrer Heimatstadt Rio de Janeiro ermordet wurde. In Erinnerung an Franco gestaltete die K\u00fcnstlerin Katerina Voronina in den vergangenen Tagen ihr erstes gro\u00dfes Mural an der Fassade eines Wohnhauses in der Gitschiner Stra\u00dfe 64 \u2013 67 in Berlin-Kreuzberg \u2013 ein Denkmal f\u00fcr die \u00d6ffentlichkeit, das in Zusammenarbeit und mithilfe der Expertise von URBAN NATION entstanden ist.<\/p>\n\n\n\n<p>\u201eFrauenrechte sind Menschenrechte und damit ein wichtiger Teil unserer Menschenrechtsarbeit. Ich freue mich sehr, dass die erste \u201aBrave Wall\u2018 in Deutschland von einer Frau, Katerina Voronina, gestaltet wurde und das beeindruckende Engagement der Menschenrechtsverteidigerin Marielle Franco w\u00fcrdigt\u201c, erkl\u00e4rt Dr. Julia Duchrow, Stellvertreterin des Generalsekret\u00e4rs von Amnesty International in Deutschland.<\/p>\n\n\n\n<p>Katerina Voronina schlie\u00dft das Projekt hoffnungsvoll ab: \u201eIn meinen Werken steht der Mensch im Mittelpunkt. Mit der Realisierung der \u201aBrave Wall\u2018 hatte ich die M\u00f6glichkeit, eine besondere und mutige Frau in den Fokus zu r\u00fccken. Illustration ist meine Leidenschaft \u2013 die damit verbundenen Botschaften sind mir ein besonderes Anliegen.\u201c<\/p>\n\n\n\n<p>\u201eDieses politische Mural zum Thema Frauenrechte gemeinsam mit Katerina Voronina zu realisieren, ist f\u00fcr das Programm des URBAN NATION Museums ein besonderer Moment. Der 8. M\u00e4rz ist in Berlin erst im letzten Jahr zum gesetzlichen Feiertag ernannt worden. An diesem Tag nun in Kooperation mit Amnesty International die erste \u201aBrave Wall\u2018 in Berlin und Deutschland zu pr\u00e4sentieren, stellt das Projekt in einen passenden Kontext\u201c,sagtJan Sauerwald, Leiter des URBAN NATION Museums.<\/p>\n\n\n\n<div style=\"height:31px\" aria-hidden=\"true\" class=\"wp-block-spacer\"><\/div>\n\n\n\n<figure class=\"wp-block-image size-large\"><img decoding=\"async\" width=\"640\" height=\"960\" loading=\"lazy\" src=\"https:\/\/urban-nation.com\/wp-content\/uploads\/2021\/03\/NK-UN-BraveWall-Voronina-2261-copy-640x960.jpg\" alt=\"Brave Wall Marielle Franco\" class=\"wp-image-467655\" srcset=\"https:\/\/urban-nation.com\/wp-content\/uploads\/2021\/03\/NK-UN-BraveWall-Voronina-2261-copy-640x960.jpg 640w, https:\/\/urban-nation.com\/wp-content\/uploads\/2021\/03\/NK-UN-BraveWall-Voronina-2261-copy-427x640.jpg 427w, https:\/\/urban-nation.com\/wp-content\/uploads\/2021\/03\/NK-UN-BraveWall-Voronina-2261-copy-768x1151.jpg 768w, https:\/\/urban-nation.com\/wp-content\/uploads\/2021\/03\/NK-UN-BraveWall-Voronina-2261-copy-1024x1536.jpg 1024w, https:\/\/urban-nation.com\/wp-content\/uploads\/2021\/03\/NK-UN-BraveWall-Voronina-2261-copy-1366x2048.jpg 1366w, https:\/\/urban-nation.com\/wp-content\/uploads\/2021\/03\/NK-UN-BraveWall-Voronina-2261-copy-960x1440.jpg 960w, https:\/\/urban-nation.com\/wp-content\/uploads\/2021\/03\/NK-UN-BraveWall-Voronina-2261-copy.jpg 1500w\" sizes=\"auto, (max-width: 640px) 100vw, 640px\" \/><figcaption>\u00a9 Nika Kramer<\/figcaption><\/figure>\n\n\n\n<div style=\"height:31px\" aria-hidden=\"true\" class=\"wp-block-spacer\"><\/div>\n\n\n\n<p>Das circa 100 Quadratmeter gro\u00dfe Mural ist dank der fr\u00fchlingshaften Temperaturen in den vergangenen Tagen rasch entstanden: 10 Tage gestalterische Arbeit, knapp 50 Liter Acrylfarbe und unz\u00e4hlige Pinselstriche verschaffen der Hauswand in der Gitschiner Stra\u00dfe einen neuen, farbfrohen Anstrich. Die \u201eBrave Wall\u201c ist auch von der U-Bahnlinie 1 aus nicht zu \u00fcbersehen.<\/p>\n\n\n\n<p><strong>K\u00dcNSTLERIN<\/strong><\/p>\n\n\n\n<p><a href=\"https:\/\/katevoronina.com\/about\" target=\"_blank\" rel=\"noreferrer noopener\">Katerina Voronina<\/a> ist bekannt f\u00fcr markante Illustrationen von Stadtszenen, immer gest\u00fctzt durch den Menschen. Ihre Werke findet man auf den W\u00e4nden bei Spielpl\u00e4tzen oder in Caf\u00e9s, und werden in Magazinen und B\u00fcchern weltweit ver\u00f6ffentlicht. Bevor sie 2018 nach Berlin kam, arbeitete sie zwei Jahre in Tel Aviv.<\/p>\n\n\n\n<p><strong>AMNESTY INTERNATIONAL<\/strong> <\/p>\n\n\n\n<p><a href=\"https:\/\/www.amnesty.de\/\" target=\"_blank\" rel=\"noreferrer noopener\">Amnesty International<\/a> ist eine von Regierungen, politischen Parteien, Ideologien, Wirtschaftsinteressen und Religionen unabh\u00e4ngige<br>Menschenrechtsorganisation. Amnesty setzt sich seit 1961 mit Aktionen, Appellbriefen und Dokumentationen f\u00fcr die Opfer von<br>Menschenrechtsverletzungen auf der ganzen Welt ein. Die Organisation hat weltweit mehr als sieben Millionen Unterst\u00fctzer. 1977 erhielt<br>Amnesty den Friedensnobelpreis.<\/p>\n\n\n\n<p><strong>URBAN NATION MUSEUM FOR URBAN CONTEMPORARY ART<\/strong><\/p>\n\n\n\n<p>Als Kooperationspartner hat URBAN NATION auch den Auswahlprozess begleitet. Die Jury war parit\u00e4tisch mit Vertreterinnen und Vertretern von URBAN NATION und Amnesty International sowie der Journalistin Miriam Davoudvandi besetzt.<\/p>\n\n\n\n<p>K\u00fcnstler*innen und ihre Werke sind in den Feldern der Zeitgen\u00f6ssischen Kunst und in der Urban Art immer noch unterrepr\u00e4sentiert. Das URBAN NATION Museum hat sich vorgenommen, dies in seiner \u00fcbergreifenden Museumsarbeit sowie den Einzelprojekten zu thematisieren und zu \u00e4ndern. Das gemeinsame \u201eBrave Wall\u201c-Projekt mit Amnesty gliedert sich dementsprechend gut in die Gesamtkuration des Hauses ein.<\/p>\n\n\n\n<p><strong>\u201eMut braucht Schutz\u201c-Kampagne&#8220;<\/strong> <\/p>\n\n\n\n<p>\u201eBrave Wall\u201c ist ein Projekt im Rahmen der \u201eMut braucht Schutz\u201c-Kampagne von Amnesty International, die auf politischer und gesellschaftlicher Ebene dazu aufruft, dass die internationalen Vereinbarungen zum Schutz von Menschenrechtlerinnen und Menschenrechtlern eingehalten und umgesetzt werden. Tag f\u00fcr Tag setzen sich Menschen weltweit f\u00fcr ihre Rechte und die Rechte anderer ein. Doch wer sich f\u00fcr Menschenrechte engagiert, wird zunehmend diffamiert, \u00fcberwacht, durch repressive Gesetze an der Arbeit gehindert \u2013 manchmal sogar ermordet. Immer mehr mutige Aktivistinnen und Aktivisten lassen sich davon nicht abschrecken und treten Menschenrechtsverletzungen entschlossen entgegen. Es sind Studierende, Frauen, Eltern und viele mehr, die gegen Folter, Vertreibung, Korruption, Diskriminierung und weiteres Unrecht k\u00e4mpfen. <\/p>\n\n\n\n<p><strong>Hashtags<\/strong><strong><\/strong><\/p>\n\n\n\n<p><a>#IWD2021 #StandUpfortheBrave<\/a><\/p>\n\n\n\n<p><strong>Presse<\/strong><\/p>\n\n\n\n<p>Im <strong>Press-Kit<\/strong> finden Sie ab sofort <strong>Bildmaterial<\/strong> sowie Hintergrundinformationen zum Entstehungsprozess der \u201eBrave Wall\u201c. <strong>Videomaterial<\/strong> ist am <strong>Donnerstag, den 04.03.2021, ab 12:00 Uhr<\/strong> abrufbar. Bitte beachten Sie die Angaben zu den (honorarfreien) Nutzungsrechten.<\/p>\n\n\n\n<p>F\u00fcr Interviewanfragen zur politischen Einordnung des Projekts und zur \u201eMut braucht Schutz\u201c-Kampagne mit Dr. Julia Duchrow sowie zum Kunstwerk mit Katerina Voronina wenden Sie sich bitte an die <a href=\"mailto:presse@amnesty.de\" target=\"_blank\" rel=\"noreferrer noopener\">Pressestelle<\/a>.<\/p>\n\n\n\n<p>F\u00fcr Interviewanfragen an Jan Sauerwald, Direktor des URBAN NATION Museums, kontaktieren Sie bitte URBAN NATION.<\/p>\n\n\n\n<p>Weiteres Material zum Entstehungsprozess des Kunstwerks wird rechtzeitig vor dem 8. M\u00e4rz 2021 zur Verf\u00fcgung gestellt.<\/p>\n\n\n\n<p><em>Kontaktaufnahme unter: <\/em><a href=\"mailto:pr@urban-nation.com\"><strong>pr@urban-nation.com<\/strong><\/a><\/p>\n\n\n\n<p>(<em>Direktion und k\u00fcnstlerische <\/em>A<em>uswahl: Jan Sauerwald)<\/em><\/p>\n","protected":false},"excerpt":{"rendered":"<p>Das URBAN NATION Museum in Berlin und Amnesty International begehen den Internationalen Frauentag am 8. M\u00e4rz gemeinsam. In Zusammenarbeit mit der K\u00fcnstlerin Katerina Voronina entstand ein Mural zu Ehren der ermordeten Menschenrechtsverteidigerin Marielle Franco. 50 Liter Acrylfarbe schm\u00fccken von nun an eine Hausfassade in Berlin-Kreuzberg.<\/p>\n","protected":false},"author":10,"featured_media":468106,"comment_status":"closed","ping_status":"closed","sticky":false,"template":"","format":"standard","meta":{"_acf_changed":false,"footnotes":""},"categories":[126],"tags":[],"un-event-series":[],"class_list":["post-484507","post","type-post","status-publish","format-standard","has-post-thumbnail","hentry","category-press-release-de"],"acf":[],"yoast_head":"<!-- This site is optimized with the Yoast SEO plugin v24.1 - https:\/\/yoast.com\/wordpress\/plugins\/seo\/ -->\n<title>\u201eBrave Wall\u201c w\u00fcrdigt Menschenrechtsverteidigerin Marielle Franco &#8211; Urban Nation<\/title>\n<meta name=\"description\" content=\"Amnesty Internationals \u201eBrave Wall\u201c w\u00fcrdigt Menschenrechtsverteidigerin Marielle Franco mit einem Werk der K\u00fcnstlerin Katerina Voronina.\" \/>\n<meta name=\"robots\" content=\"index, follow, max-snippet:-1, max-image-preview:large, max-video-preview:-1\" \/>\n<link rel=\"canonical\" href=\"https:\/\/urban-nation.com\/de\/2021\/03\/brave-wall-wuerdigt-menschenrechtsverteidigerin-marielle-franco\/\" \/>\n<meta property=\"og:locale\" content=\"de_DE\" \/>\n<meta property=\"og:type\" content=\"article\" \/>\n<meta property=\"og:title\" content=\"\u201eBrave Wall\u201c w\u00fcrdigt Menschenrechtsverteidigerin Marielle Franco &#8211; Urban Nation\" \/>\n<meta property=\"og:description\" content=\"Amnesty Internationals \u201eBrave Wall\u201c w\u00fcrdigt Menschenrechtsverteidigerin Marielle Franco mit einem Werk der K\u00fcnstlerin Katerina Voronina.\" \/>\n<meta property=\"og:url\" content=\"https:\/\/urban-nation.com\/de\/2021\/03\/brave-wall-wuerdigt-menschenrechtsverteidigerin-marielle-franco\/\" \/>\n<meta property=\"og:site_name\" content=\"Urban Nation\" \/>\n<meta property=\"article:publisher\" content=\"https:\/\/www.facebook.com\/urbannationberlin\" \/>\n<meta property=\"article:published_time\" content=\"2021-03-08T14:04:00+00:00\" \/>\n<meta property=\"article:modified_time\" content=\"2022-02-07T11:02:02+00:00\" \/>\n<meta property=\"og:image\" content=\"https:\/\/urban-nation.com\/wp-content\/uploads\/2021\/03\/UN_BraveWall_Header_v1_1440x675_210302.jpg\" \/>\n\t<meta property=\"og:image:width\" content=\"1440\" \/>\n\t<meta property=\"og:image:height\" content=\"675\" \/>\n\t<meta property=\"og:image:type\" content=\"image\/jpeg\" \/>\n<meta name=\"author\" content=\"Stefan Fellechner\" \/>\n<script type=\"application\/ld+json\" class=\"yoast-schema-graph\">{\"@context\":\"https:\/\/schema.org\",\"@graph\":[{\"@type\":\"WebPage\",\"@id\":\"https:\/\/urban-nation.com\/de\/2021\/03\/brave-wall-wuerdigt-menschenrechtsverteidigerin-marielle-franco\/\",\"url\":\"https:\/\/urban-nation.com\/de\/2021\/03\/brave-wall-wuerdigt-menschenrechtsverteidigerin-marielle-franco\/\",\"name\":\"\u201eBrave Wall\u201c w\u00fcrdigt Menschenrechtsverteidigerin Marielle Franco &#8211; Urban Nation\",\"isPartOf\":{\"@id\":\"https:\/\/urban-nation.com\/#website\"},\"primaryImageOfPage\":{\"@id\":\"https:\/\/urban-nation.com\/de\/2021\/03\/brave-wall-wuerdigt-menschenrechtsverteidigerin-marielle-franco\/#primaryimage\"},\"image\":{\"@id\":\"https:\/\/urban-nation.com\/de\/2021\/03\/brave-wall-wuerdigt-menschenrechtsverteidigerin-marielle-franco\/#primaryimage\"},\"thumbnailUrl\":\"https:\/\/urban-nation.com\/wp-content\/uploads\/2021\/03\/UN_BraveWall_Header_v1_1440x675_210302.jpg\",\"datePublished\":\"2021-03-08T14:04:00+00:00\",\"dateModified\":\"2022-02-07T11:02:02+00:00\",\"author\":{\"@id\":\"https:\/\/urban-nation.com\/#\/schema\/person\/92028adb80ca7ae1af927c7242354309\"},\"description\":\"Amnesty Internationals \u201eBrave Wall\u201c w\u00fcrdigt Menschenrechtsverteidigerin Marielle Franco mit einem Werk der K\u00fcnstlerin Katerina Voronina.\",\"breadcrumb\":{\"@id\":\"https:\/\/urban-nation.com\/de\/2021\/03\/brave-wall-wuerdigt-menschenrechtsverteidigerin-marielle-franco\/#breadcrumb\"},\"inLanguage\":\"de\",\"potentialAction\":[{\"@type\":\"ReadAction\",\"target\":[\"https:\/\/urban-nation.com\/de\/2021\/03\/brave-wall-wuerdigt-menschenrechtsverteidigerin-marielle-franco\/\"]}]},{\"@type\":\"ImageObject\",\"inLanguage\":\"de\",\"@id\":\"https:\/\/urban-nation.com\/de\/2021\/03\/brave-wall-wuerdigt-menschenrechtsverteidigerin-marielle-franco\/#primaryimage\",\"url\":\"https:\/\/urban-nation.com\/wp-content\/uploads\/2021\/03\/UN_BraveWall_Header_v1_1440x675_210302.jpg\",\"contentUrl\":\"https:\/\/urban-nation.com\/wp-content\/uploads\/2021\/03\/UN_BraveWall_Header_v1_1440x675_210302.jpg\",\"width\":1440,\"height\":675,\"caption\":\"\\\"Brave Wall\\\" von Katerina Voronina Berlin\"},{\"@type\":\"BreadcrumbList\",\"@id\":\"https:\/\/urban-nation.com\/de\/2021\/03\/brave-wall-wuerdigt-menschenrechtsverteidigerin-marielle-franco\/#breadcrumb\",\"itemListElement\":[{\"@type\":\"ListItem\",\"position\":1,\"name\":\"Home\",\"item\":\"https:\/\/urban-nation.com\/de\/\"},{\"@type\":\"ListItem\",\"position\":2,\"name\":\"\u201eBrave Wall\u201c w\u00fcrdigt Menschenrechtsverteidigerin Marielle Franco\"}]},{\"@type\":\"WebSite\",\"@id\":\"https:\/\/urban-nation.com\/#website\",\"url\":\"https:\/\/urban-nation.com\/\",\"name\":\"Urban Nation\",\"description\":\"Museum for Urban Contemporary Art\",\"potentialAction\":[{\"@type\":\"SearchAction\",\"target\":{\"@type\":\"EntryPoint\",\"urlTemplate\":\"https:\/\/urban-nation.com\/?s={search_term_string}\"},\"query-input\":{\"@type\":\"PropertyValueSpecification\",\"valueRequired\":true,\"valueName\":\"search_term_string\"}}],\"inLanguage\":\"de\"},{\"@type\":\"Person\",\"@id\":\"https:\/\/urban-nation.com\/#\/schema\/person\/92028adb80ca7ae1af927c7242354309\",\"name\":\"Stefan Fellechner\"}]}<\/script>\n<!-- \/ Yoast SEO plugin. -->","yoast_head_json":{"title":"\u201eBrave Wall\u201c w\u00fcrdigt Menschenrechtsverteidigerin Marielle Franco &#8211; Urban Nation","description":"Amnesty Internationals \u201eBrave Wall\u201c w\u00fcrdigt Menschenrechtsverteidigerin Marielle Franco mit einem Werk der K\u00fcnstlerin Katerina Voronina.","robots":{"index":"index","follow":"follow","max-snippet":"max-snippet:-1","max-image-preview":"max-image-preview:large","max-video-preview":"max-video-preview:-1"},"canonical":"https:\/\/urban-nation.com\/de\/2021\/03\/brave-wall-wuerdigt-menschenrechtsverteidigerin-marielle-franco\/","og_locale":"de_DE","og_type":"article","og_title":"\u201eBrave Wall\u201c w\u00fcrdigt Menschenrechtsverteidigerin Marielle Franco &#8211; Urban Nation","og_description":"Amnesty Internationals \u201eBrave Wall\u201c w\u00fcrdigt Menschenrechtsverteidigerin Marielle Franco mit einem Werk der K\u00fcnstlerin Katerina Voronina.","og_url":"https:\/\/urban-nation.com\/de\/2021\/03\/brave-wall-wuerdigt-menschenrechtsverteidigerin-marielle-franco\/","og_site_name":"Urban Nation","article_publisher":"https:\/\/www.facebook.com\/urbannationberlin","article_published_time":"2021-03-08T14:04:00+00:00","article_modified_time":"2022-02-07T11:02:02+00:00","og_image":[{"width":1440,"height":675,"url":"https:\/\/urban-nation.com\/wp-content\/uploads\/2021\/03\/UN_BraveWall_Header_v1_1440x675_210302.jpg","type":"image\/jpeg"}],"author":"Stefan Fellechner","schema":{"@context":"https:\/\/schema.org","@graph":[{"@type":"WebPage","@id":"https:\/\/urban-nation.com\/de\/2021\/03\/brave-wall-wuerdigt-menschenrechtsverteidigerin-marielle-franco\/","url":"https:\/\/urban-nation.com\/de\/2021\/03\/brave-wall-wuerdigt-menschenrechtsverteidigerin-marielle-franco\/","name":"\u201eBrave Wall\u201c w\u00fcrdigt Menschenrechtsverteidigerin Marielle Franco &#8211; Urban Nation","isPartOf":{"@id":"https:\/\/urban-nation.com\/#website"},"primaryImageOfPage":{"@id":"https:\/\/urban-nation.com\/de\/2021\/03\/brave-wall-wuerdigt-menschenrechtsverteidigerin-marielle-franco\/#primaryimage"},"image":{"@id":"https:\/\/urban-nation.com\/de\/2021\/03\/brave-wall-wuerdigt-menschenrechtsverteidigerin-marielle-franco\/#primaryimage"},"thumbnailUrl":"https:\/\/urban-nation.com\/wp-content\/uploads\/2021\/03\/UN_BraveWall_Header_v1_1440x675_210302.jpg","datePublished":"2021-03-08T14:04:00+00:00","dateModified":"2022-02-07T11:02:02+00:00","author":{"@id":"https:\/\/urban-nation.com\/#\/schema\/person\/92028adb80ca7ae1af927c7242354309"},"description":"Amnesty Internationals \u201eBrave Wall\u201c w\u00fcrdigt Menschenrechtsverteidigerin Marielle Franco mit einem Werk der K\u00fcnstlerin Katerina Voronina.","breadcrumb":{"@id":"https:\/\/urban-nation.com\/de\/2021\/03\/brave-wall-wuerdigt-menschenrechtsverteidigerin-marielle-franco\/#breadcrumb"},"inLanguage":"de","potentialAction":[{"@type":"ReadAction","target":["https:\/\/urban-nation.com\/de\/2021\/03\/brave-wall-wuerdigt-menschenrechtsverteidigerin-marielle-franco\/"]}]},{"@type":"ImageObject","inLanguage":"de","@id":"https:\/\/urban-nation.com\/de\/2021\/03\/brave-wall-wuerdigt-menschenrechtsverteidigerin-marielle-franco\/#primaryimage","url":"https:\/\/urban-nation.com\/wp-content\/uploads\/2021\/03\/UN_BraveWall_Header_v1_1440x675_210302.jpg","contentUrl":"https:\/\/urban-nation.com\/wp-content\/uploads\/2021\/03\/UN_BraveWall_Header_v1_1440x675_210302.jpg","width":1440,"height":675,"caption":"\"Brave Wall\" von Katerina Voronina Berlin"},{"@type":"BreadcrumbList","@id":"https:\/\/urban-nation.com\/de\/2021\/03\/brave-wall-wuerdigt-menschenrechtsverteidigerin-marielle-franco\/#breadcrumb","itemListElement":[{"@type":"ListItem","position":1,"name":"Home","item":"https:\/\/urban-nation.com\/de\/"},{"@type":"ListItem","position":2,"name":"\u201eBrave Wall\u201c w\u00fcrdigt Menschenrechtsverteidigerin Marielle Franco"}]},{"@type":"WebSite","@id":"https:\/\/urban-nation.com\/#website","url":"https:\/\/urban-nation.com\/","name":"Urban Nation","description":"Museum for Urban Contemporary Art","potentialAction":[{"@type":"SearchAction","target":{"@type":"EntryPoint","urlTemplate":"https:\/\/urban-nation.com\/?s={search_term_string}"},"query-input":{"@type":"PropertyValueSpecification","valueRequired":true,"valueName":"search_term_string"}}],"inLanguage":"de"},{"@type":"Person","@id":"https:\/\/urban-nation.com\/#\/schema\/person\/92028adb80ca7ae1af927c7242354309","name":"Stefan Fellechner"}]}},"_links":{"self":[{"href":"https:\/\/urban-nation.com\/de\/wp-json\/wp\/v2\/posts\/484507","targetHints":{"allow":["GET"]}}],"collection":[{"href":"https:\/\/urban-nation.com\/de\/wp-json\/wp\/v2\/posts"}],"about":[{"href":"https:\/\/urban-nation.com\/de\/wp-json\/wp\/v2\/types\/post"}],"author":[{"embeddable":true,"href":"https:\/\/urban-nation.com\/de\/wp-json\/wp\/v2\/users\/10"}],"replies":[{"embeddable":true,"href":"https:\/\/urban-nation.com\/de\/wp-json\/wp\/v2\/comments?post=484507"}],"version-history":[{"count":3,"href":"https:\/\/urban-nation.com\/de\/wp-json\/wp\/v2\/posts\/484507\/revisions"}],"predecessor-version":[{"id":562491,"href":"https:\/\/urban-nation.com\/de\/wp-json\/wp\/v2\/posts\/484507\/revisions\/562491"}],"wp:featuredmedia":[{"embeddable":true,"href":"https:\/\/urban-nation.com\/de\/wp-json\/wp\/v2\/media\/468106"}],"wp:attachment":[{"href":"https:\/\/urban-nation.com\/de\/wp-json\/wp\/v2\/media?parent=484507"}],"wp:term":[{"taxonomy":"category","embeddable":true,"href":"https:\/\/urban-nation.com\/de\/wp-json\/wp\/v2\/categories?post=484507"},{"taxonomy":"post_tag","embeddable":true,"href":"https:\/\/urban-nation.com\/de\/wp-json\/wp\/v2\/tags?post=484507"},{"taxonomy":"un-event-series","embeddable":true,"href":"https:\/\/urban-nation.com\/de\/wp-json\/wp\/v2\/un-event-series?post=484507"}],"curies":[{"name":"wp","href":"https:\/\/api.w.org\/{rel}","templated":true}]}}