{"id":561495,"date":"2021-11-16T15:51:06","date_gmt":"2021-11-16T14:51:06","guid":{"rendered":"https:\/\/urban-nation.com\/?p=561495"},"modified":"2022-12-05T15:50:53","modified_gmt":"2022-12-05T14:50:53","slug":"eroeffnung-der-martha-cooper-library","status":"publish","type":"post","link":"https:\/\/urban-nation.com\/de\/2021\/11\/eroeffnung-der-martha-cooper-library\/","title":{"rendered":"ER\u00d6FFNUNG DER MARTHA COOPER LIBRARY"},"content":{"rendered":"\n<p><strong>Ab dem 2. November k\u00f6nnen Bibliotheksbesucher*innen auf \u00fcber 2.000 B\u00fccher, Zeitschriften, Einzelhefte, Zines und Videos \u00fcber Urban Art, Streetart und Graffiti zugreifen.<\/strong><\/p>\n\n\n\n<p>Mit der Martha Cooper Library (MCL) m\u00f6chte das URBAN NATION Museum einem interessierten Fachpublikum die M\u00f6glichkeit bieten, das Ph\u00e4nomen der Urban Art nicht nur im Rahmen der wechselnden Ausstellungen, sondern auch mithilfe diverser Medien wie B\u00fccher, Hefte und Bildb\u00e4nde zu erfahren.&nbsp;<\/p>\n\n\n\n<p>Die Pr\u00e4senzbibliothek ist dementsprechend spezialisiert auf Literatur \u00fcber Urban Art, Streetart und Graffiti seit den 1960er-Jahren. Nebst Monografien und Sammelb\u00e4nden zu einzelnen K\u00fcnstler*innen, Nachschlagewerken und soziologische Abhandlungen liegt ein weiterer Fokus auf dem Style Writing ab den 1970er-Jahren in U.S.-Tradition. Der stetig wachsende Magazinbestand mit seltenen B\u00fcchern, Einzelst\u00fccken, grauer Literatur und handgefertigten Fanzines, basiert auf Schenkungen sowie zahlreichen Dauerleihgaben von Publikationen und Archivalien der Fotojournalistin Martha Cooper,&nbsp;eine der ersten Protagonist*innen und zentrale Dokumentaristin von Graffiti und Streetart. Weiterhin&nbsp;befinden sich im Fundus der MCL Zeitschriften, Fachmagazine sowie Dokumentationen \u00fcber Graffiti und Streetart, welche seit 1980 erschienen sind und sowohl TV-Beitr\u00e4ge als auch Festival-Videos beinhalten.&nbsp;<\/p>\n\n\n\n<figure class=\"wp-block-image size-large\"><img decoding=\"async\" width=\"960\" height=\"640\" loading=\"lazy\" src=\"https:\/\/urban-nation.com\/wp-content\/uploads\/2021\/11\/Martha-Cooper-by-Nika-Kramer-960x640.jpg\" alt=\"\" class=\"wp-image-561496\" srcset=\"https:\/\/urban-nation.com\/wp-content\/uploads\/2021\/11\/Martha-Cooper-by-Nika-Kramer-960x640.jpg 960w, https:\/\/urban-nation.com\/wp-content\/uploads\/2021\/11\/Martha-Cooper-by-Nika-Kramer-640x427.jpg 640w, https:\/\/urban-nation.com\/wp-content\/uploads\/2021\/11\/Martha-Cooper-by-Nika-Kramer-768x512.jpg 768w, https:\/\/urban-nation.com\/wp-content\/uploads\/2021\/11\/Martha-Cooper-by-Nika-Kramer-1536x1024.jpg 1536w, https:\/\/urban-nation.com\/wp-content\/uploads\/2021\/11\/Martha-Cooper-by-Nika-Kramer-2048x1366.jpg 2048w, https:\/\/urban-nation.com\/wp-content\/uploads\/2021\/11\/Martha-Cooper-by-Nika-Kramer-1440x960.jpg 1440w\" sizes=\"auto, (max-width: 960px) 100vw, 960px\" \/><figcaption class=\"wp-element-caption\"><em>Martha Cooper im Lesesaal der MCL. Foto: Nika Kramer<\/em><\/figcaption><\/figure>\n\n\n\n<p><\/p>\n\n\n\n<h2 class=\"wp-block-heading\"><strong>MARTHA COOPER LIBRARY<\/strong><br><strong>Im URBAN NATION Museum, 1.&nbsp;OG (Lesesaal)<\/strong><\/h2>\n\n\n\n<p><strong>\u00d6ffnungszeiten (nach vorheriger Anmeldung)<\/strong><\/p>\n\n\n\n<p>Dienstags 10:00\u201315:30 Uhr<\/p>\n\n\n\n<p>Donnerstags 12:00\u201315:30 Uhr<\/p>\n\n\n\n<p><strong>Anmeldung<\/strong><\/p>\n\n\n\n<p>Zur Benutzung der Bibliothek ist eine schriftliche Anmeldung unter Vorlage des Personalausweises vonn\u00f6ten. Im Anschluss erhalten Benutzer*innen einen Bibliotheksausweis sowie ein vorl\u00e4ufiges Passwort, das bei der ersten Anmeldung im Benutzerkonto ge\u00e4ndert werden muss.&nbsp;<\/p>\n\n\n\n<p><strong>Arbeitspl\u00e4tze<\/strong><\/p>\n\n\n\n<p>Zum Lernen und Arbeiten stellen wir Ihnen vier Arbeitspl\u00e4tze sowie einen Computer f\u00fcr die Recherche zur Verf\u00fcgung.<\/p>\n\n\n\n<p>Die Nutzung der Bibliothek ist nur mit best\u00e4tigter Anmeldung m\u00f6glich. <\/p>\n\n\n\n<p><strong>Benutzerkonto<\/strong><\/p>\n\n\n\n<p>Der Zugang zum Benutzerkonto erfolgt \u00fcber den Bibliothekskatalog. F\u00fcr die Anmeldung werden Benutzernummer und Passwort ben\u00f6tigt. Nach der Anmeldung k\u00f6nnen Medien aus dem geschlossenen Magazin in den Lesesaal bestellt werden.<\/p>\n\n\n\n<p><br><strong>Bibliothekskatalog<\/strong><\/p>\n\n\n\n<p>Im Bibliothekskatalog (OPAC) kann der Medienbestand der Bibliothek, unabh\u00e4ngig von Zeit und Ort, recherchiert werden:&nbsp;<\/p>\n\n\n\n<p><a href=\"https:\/\/open.urban-nation.com\/de-de\/\" target=\"_blank\" rel=\"noreferrer noopener\">https:\/\/open.urban-nation.com\/de-de\/<\/a><\/p>\n\n\n\n<p><strong>Wer kann die Bibliothek benutzen?<\/strong><\/p>\n\n\n\n<p>Die Bibliothek steht jedem zur Verf\u00fcgung, der sich n\u00e4her mit den Themen Graffiti und Streetart befassen m\u00f6chte.&nbsp;<\/p>\n\n\n\n<figure class=\"wp-block-image size-large\"><img decoding=\"async\" width=\"960\" height=\"640\" loading=\"lazy\" src=\"https:\/\/urban-nation.com\/wp-content\/uploads\/2021\/11\/Bibliotheksmagazin_Victoria_Tomaschko-960x640.jpg\" alt=\"\" class=\"wp-image-561498\" srcset=\"https:\/\/urban-nation.com\/wp-content\/uploads\/2021\/11\/Bibliotheksmagazin_Victoria_Tomaschko-960x640.jpg 960w, https:\/\/urban-nation.com\/wp-content\/uploads\/2021\/11\/Bibliotheksmagazin_Victoria_Tomaschko-640x427.jpg 640w, https:\/\/urban-nation.com\/wp-content\/uploads\/2021\/11\/Bibliotheksmagazin_Victoria_Tomaschko-768x512.jpg 768w, https:\/\/urban-nation.com\/wp-content\/uploads\/2021\/11\/Bibliotheksmagazin_Victoria_Tomaschko-1536x1024.jpg 1536w, https:\/\/urban-nation.com\/wp-content\/uploads\/2021\/11\/Bibliotheksmagazin_Victoria_Tomaschko-2048x1365.jpg 2048w, https:\/\/urban-nation.com\/wp-content\/uploads\/2021\/11\/Bibliotheksmagazin_Victoria_Tomaschko-1440x960.jpg 1440w\" sizes=\"auto, (max-width: 960px) 100vw, 960px\" \/><figcaption class=\"wp-element-caption\"><em>Mit \u00fcber 2.000 Medien bietet das Bibliotheksmagazin eine vielf\u00e4ltige Auswahl rund um die Themen Urban Art, Streetart und Graffiti. Foto: Victoria Tomaschko<\/em><\/figcaption><\/figure>\n\n\n\n<p><\/p>\n\n\n\n<h2 class=\"wp-block-heading\"><strong>Martha Cooper: Taking Pictures verl\u00e4ngert bis zum 22. Mai 2022<\/strong><\/h2>\n\n\n\n<p><strong>\u00d6ffnungszeiten<\/strong><\/p>\n\n\n\n<p>Dienstag und Mittwoch&nbsp;&nbsp;&nbsp;&nbsp;&nbsp;&nbsp;&nbsp;&nbsp;&nbsp;&nbsp;10:00 Uhr bis 18:00 Uhr<br>Donnerstag bis Sonntag&nbsp;&nbsp;&nbsp;&nbsp;&nbsp;&nbsp;&nbsp;&nbsp;12:00 Uhr bis 20:00 Uhr&nbsp;<\/p>\n\n\n\n<p>Der Eintritt ist frei. Um eine vorherige Anmeldung \u00fcber das&nbsp;digitale Ticketsystem&nbsp;wird gebeten.&nbsp;<\/p>\n\n\n\n<p>Mit Martha Cooper: Taking Pictures pr\u00e4sentiert das URBAN NATION Museum die bisher erste umfangreiche Retrospektive des fotografischen Werks Martha Coopers. Mithilfe von Fotografien und pers\u00f6nlichen Gegenst\u00e4nden zeichnet die sechs Jahrzehnte umfassende Ausstellung Martha Coopers Leben nach und w\u00fcrdigt sie als wichtige Dokumentaristin der weltweiten Urban-Art-Bewegung. Die Retrospektive im URBAN NATION Museum ist die erste Foto- und Dokumentarausstellung des Hauses. Die vielf\u00e4ltige Show setzt neue Akzente im Museumsprogramm. Die Kuratoren Steven P. Harrington und Jaime Rojo haben in enger Zusammenarbeit mit Martha Cooper eine multimediale Ausstellung geschaffen, in der k\u00fcnstlerische Arbeiten und dokumentarisches Material gegen\u00fcbergestellt werden.<\/p>\n\n\n\n<p>Besucher*innen erhalten einen exklusiven Einblick in Martha Coopers Sammlung von Skizzenb\u00fcchern (sogenannten \u201eBlack Books\u201c) und Erinnerungsst\u00fccken sowie in ihr umfangreiches Fotoarchiv. Zahlreiche Objekte aus ihrer pers\u00f6nlichen Sammlung kontextualisieren ihr Werk und seine kulturhistorische Relevanz.<\/p>\n","protected":false},"excerpt":{"rendered":"<p>Ab dem 2. November k\u00f6nnen Bibliotheksbesucher*innen auf \u00fcber 2.000 B\u00fccher, Zeitschriften, Einzelhefte, Zines und Videos \u00fcber Urban Art, Streetart und Graffiti zugreifen. Mit der Martha Cooper Library (MCL) m\u00f6chte das URBAN NATION Museum einem interessierten Fachpublikum die M\u00f6glichkeit bieten, das [&hellip;]<\/p>\n","protected":false},"author":21,"featured_media":561526,"comment_status":"closed","ping_status":"closed","sticky":false,"template":"","format":"standard","meta":{"_acf_changed":false,"footnotes":""},"categories":[126,114],"tags":[],"un-event-series":[],"class_list":["post-561495","post","type-post","status-publish","format-standard","has-post-thumbnail","hentry","category-press-release-de","category-urban-nation-de"],"acf":[],"yoast_head":"<!-- This site is optimized with the Yoast SEO plugin v24.1 - https:\/\/yoast.com\/wordpress\/plugins\/seo\/ -->\n<title>ER\u00d6FFNUNG DER MARTHA COOPER LIBRARY &#8211; Urban Nation<\/title>\n<meta name=\"robots\" content=\"index, follow, max-snippet:-1, max-image-preview:large, max-video-preview:-1\" \/>\n<link rel=\"canonical\" href=\"https:\/\/urban-nation.com\/de\/2021\/11\/eroeffnung-der-martha-cooper-library\/\" \/>\n<meta property=\"og:locale\" content=\"de_DE\" \/>\n<meta property=\"og:type\" content=\"article\" \/>\n<meta property=\"og:title\" content=\"ER\u00d6FFNUNG DER MARTHA COOPER LIBRARY &#8211; Urban Nation\" \/>\n<meta property=\"og:description\" content=\"Ab dem 2. November k\u00f6nnen Bibliotheksbesucher*innen auf \u00fcber 2.000 B\u00fccher, Zeitschriften, Einzelhefte, Zines und Videos \u00fcber Urban Art, Streetart und Graffiti zugreifen. Mit der Martha Cooper Library (MCL) m\u00f6chte das URBAN NATION Museum einem interessierten Fachpublikum die M\u00f6glichkeit bieten, das [&hellip;]\" \/>\n<meta property=\"og:url\" content=\"https:\/\/urban-nation.com\/de\/2021\/11\/eroeffnung-der-martha-cooper-library\/\" \/>\n<meta property=\"og:site_name\" content=\"Urban Nation\" \/>\n<meta property=\"article:publisher\" content=\"https:\/\/www.facebook.com\/urbannationberlin\" \/>\n<meta property=\"article:published_time\" content=\"2021-11-16T14:51:06+00:00\" \/>\n<meta property=\"article:modified_time\" content=\"2022-12-05T14:50:53+00:00\" \/>\n<meta property=\"og:image\" content=\"https:\/\/urban-nation.com\/wp-content\/uploads\/2021\/11\/Martha-Cooper-Library.jpg\" \/>\n\t<meta property=\"og:image:width\" content=\"1440\" \/>\n\t<meta property=\"og:image:height\" content=\"675\" \/>\n\t<meta property=\"og:image:type\" content=\"image\/jpeg\" \/>\n<meta name=\"author\" content=\"BLITZEN\" \/>\n<script type=\"application\/ld+json\" class=\"yoast-schema-graph\">{\"@context\":\"https:\/\/schema.org\",\"@graph\":[{\"@type\":\"WebPage\",\"@id\":\"https:\/\/urban-nation.com\/de\/2021\/11\/eroeffnung-der-martha-cooper-library\/\",\"url\":\"https:\/\/urban-nation.com\/de\/2021\/11\/eroeffnung-der-martha-cooper-library\/\",\"name\":\"ER\u00d6FFNUNG DER MARTHA COOPER LIBRARY &#8211; Urban Nation\",\"isPartOf\":{\"@id\":\"https:\/\/urban-nation.com\/#website\"},\"primaryImageOfPage\":{\"@id\":\"https:\/\/urban-nation.com\/de\/2021\/11\/eroeffnung-der-martha-cooper-library\/#primaryimage\"},\"image\":{\"@id\":\"https:\/\/urban-nation.com\/de\/2021\/11\/eroeffnung-der-martha-cooper-library\/#primaryimage\"},\"thumbnailUrl\":\"https:\/\/urban-nation.com\/wp-content\/uploads\/2021\/11\/Martha-Cooper-Library.jpg\",\"datePublished\":\"2021-11-16T14:51:06+00:00\",\"dateModified\":\"2022-12-05T14:50:53+00:00\",\"author\":{\"@id\":\"https:\/\/urban-nation.com\/#\/schema\/person\/0ca4f6cf35d6a8bd339dd6d1bc9a8f2e\"},\"breadcrumb\":{\"@id\":\"https:\/\/urban-nation.com\/de\/2021\/11\/eroeffnung-der-martha-cooper-library\/#breadcrumb\"},\"inLanguage\":\"de\",\"potentialAction\":[{\"@type\":\"ReadAction\",\"target\":[\"https:\/\/urban-nation.com\/de\/2021\/11\/eroeffnung-der-martha-cooper-library\/\"]}]},{\"@type\":\"ImageObject\",\"inLanguage\":\"de\",\"@id\":\"https:\/\/urban-nation.com\/de\/2021\/11\/eroeffnung-der-martha-cooper-library\/#primaryimage\",\"url\":\"https:\/\/urban-nation.com\/wp-content\/uploads\/2021\/11\/Martha-Cooper-Library.jpg\",\"contentUrl\":\"https:\/\/urban-nation.com\/wp-content\/uploads\/2021\/11\/Martha-Cooper-Library.jpg\",\"width\":1440,\"height\":675},{\"@type\":\"BreadcrumbList\",\"@id\":\"https:\/\/urban-nation.com\/de\/2021\/11\/eroeffnung-der-martha-cooper-library\/#breadcrumb\",\"itemListElement\":[{\"@type\":\"ListItem\",\"position\":1,\"name\":\"Home\",\"item\":\"https:\/\/urban-nation.com\/de\/\"},{\"@type\":\"ListItem\",\"position\":2,\"name\":\"ER\u00d6FFNUNG DER MARTHA COOPER LIBRARY\"}]},{\"@type\":\"WebSite\",\"@id\":\"https:\/\/urban-nation.com\/#website\",\"url\":\"https:\/\/urban-nation.com\/\",\"name\":\"Urban Nation\",\"description\":\"Museum for Urban Contemporary Art\",\"potentialAction\":[{\"@type\":\"SearchAction\",\"target\":{\"@type\":\"EntryPoint\",\"urlTemplate\":\"https:\/\/urban-nation.com\/?s={search_term_string}\"},\"query-input\":{\"@type\":\"PropertyValueSpecification\",\"valueRequired\":true,\"valueName\":\"search_term_string\"}}],\"inLanguage\":\"de\"},{\"@type\":\"Person\",\"@id\":\"https:\/\/urban-nation.com\/#\/schema\/person\/0ca4f6cf35d6a8bd339dd6d1bc9a8f2e\",\"name\":\"BLITZEN\"}]}<\/script>\n<!-- \/ Yoast SEO plugin. -->","yoast_head_json":{"title":"ER\u00d6FFNUNG DER MARTHA COOPER LIBRARY &#8211; Urban Nation","robots":{"index":"index","follow":"follow","max-snippet":"max-snippet:-1","max-image-preview":"max-image-preview:large","max-video-preview":"max-video-preview:-1"},"canonical":"https:\/\/urban-nation.com\/de\/2021\/11\/eroeffnung-der-martha-cooper-library\/","og_locale":"de_DE","og_type":"article","og_title":"ER\u00d6FFNUNG DER MARTHA COOPER LIBRARY &#8211; Urban Nation","og_description":"Ab dem 2. November k\u00f6nnen Bibliotheksbesucher*innen auf \u00fcber 2.000 B\u00fccher, Zeitschriften, Einzelhefte, Zines und Videos \u00fcber Urban Art, Streetart und Graffiti zugreifen. Mit der Martha Cooper Library (MCL) m\u00f6chte das URBAN NATION Museum einem interessierten Fachpublikum die M\u00f6glichkeit bieten, das [&hellip;]","og_url":"https:\/\/urban-nation.com\/de\/2021\/11\/eroeffnung-der-martha-cooper-library\/","og_site_name":"Urban Nation","article_publisher":"https:\/\/www.facebook.com\/urbannationberlin","article_published_time":"2021-11-16T14:51:06+00:00","article_modified_time":"2022-12-05T14:50:53+00:00","og_image":[{"width":1440,"height":675,"url":"https:\/\/urban-nation.com\/wp-content\/uploads\/2021\/11\/Martha-Cooper-Library.jpg","type":"image\/jpeg"}],"author":"BLITZEN","schema":{"@context":"https:\/\/schema.org","@graph":[{"@type":"WebPage","@id":"https:\/\/urban-nation.com\/de\/2021\/11\/eroeffnung-der-martha-cooper-library\/","url":"https:\/\/urban-nation.com\/de\/2021\/11\/eroeffnung-der-martha-cooper-library\/","name":"ER\u00d6FFNUNG DER MARTHA COOPER LIBRARY &#8211; Urban Nation","isPartOf":{"@id":"https:\/\/urban-nation.com\/#website"},"primaryImageOfPage":{"@id":"https:\/\/urban-nation.com\/de\/2021\/11\/eroeffnung-der-martha-cooper-library\/#primaryimage"},"image":{"@id":"https:\/\/urban-nation.com\/de\/2021\/11\/eroeffnung-der-martha-cooper-library\/#primaryimage"},"thumbnailUrl":"https:\/\/urban-nation.com\/wp-content\/uploads\/2021\/11\/Martha-Cooper-Library.jpg","datePublished":"2021-11-16T14:51:06+00:00","dateModified":"2022-12-05T14:50:53+00:00","author":{"@id":"https:\/\/urban-nation.com\/#\/schema\/person\/0ca4f6cf35d6a8bd339dd6d1bc9a8f2e"},"breadcrumb":{"@id":"https:\/\/urban-nation.com\/de\/2021\/11\/eroeffnung-der-martha-cooper-library\/#breadcrumb"},"inLanguage":"de","potentialAction":[{"@type":"ReadAction","target":["https:\/\/urban-nation.com\/de\/2021\/11\/eroeffnung-der-martha-cooper-library\/"]}]},{"@type":"ImageObject","inLanguage":"de","@id":"https:\/\/urban-nation.com\/de\/2021\/11\/eroeffnung-der-martha-cooper-library\/#primaryimage","url":"https:\/\/urban-nation.com\/wp-content\/uploads\/2021\/11\/Martha-Cooper-Library.jpg","contentUrl":"https:\/\/urban-nation.com\/wp-content\/uploads\/2021\/11\/Martha-Cooper-Library.jpg","width":1440,"height":675},{"@type":"BreadcrumbList","@id":"https:\/\/urban-nation.com\/de\/2021\/11\/eroeffnung-der-martha-cooper-library\/#breadcrumb","itemListElement":[{"@type":"ListItem","position":1,"name":"Home","item":"https:\/\/urban-nation.com\/de\/"},{"@type":"ListItem","position":2,"name":"ER\u00d6FFNUNG DER MARTHA COOPER LIBRARY"}]},{"@type":"WebSite","@id":"https:\/\/urban-nation.com\/#website","url":"https:\/\/urban-nation.com\/","name":"Urban Nation","description":"Museum for Urban Contemporary Art","potentialAction":[{"@type":"SearchAction","target":{"@type":"EntryPoint","urlTemplate":"https:\/\/urban-nation.com\/?s={search_term_string}"},"query-input":{"@type":"PropertyValueSpecification","valueRequired":true,"valueName":"search_term_string"}}],"inLanguage":"de"},{"@type":"Person","@id":"https:\/\/urban-nation.com\/#\/schema\/person\/0ca4f6cf35d6a8bd339dd6d1bc9a8f2e","name":"BLITZEN"}]}},"_links":{"self":[{"href":"https:\/\/urban-nation.com\/de\/wp-json\/wp\/v2\/posts\/561495","targetHints":{"allow":["GET"]}}],"collection":[{"href":"https:\/\/urban-nation.com\/de\/wp-json\/wp\/v2\/posts"}],"about":[{"href":"https:\/\/urban-nation.com\/de\/wp-json\/wp\/v2\/types\/post"}],"author":[{"embeddable":true,"href":"https:\/\/urban-nation.com\/de\/wp-json\/wp\/v2\/users\/21"}],"replies":[{"embeddable":true,"href":"https:\/\/urban-nation.com\/de\/wp-json\/wp\/v2\/comments?post=561495"}],"version-history":[{"count":3,"href":"https:\/\/urban-nation.com\/de\/wp-json\/wp\/v2\/posts\/561495\/revisions"}],"predecessor-version":[{"id":569102,"href":"https:\/\/urban-nation.com\/de\/wp-json\/wp\/v2\/posts\/561495\/revisions\/569102"}],"wp:featuredmedia":[{"embeddable":true,"href":"https:\/\/urban-nation.com\/de\/wp-json\/wp\/v2\/media\/561526"}],"wp:attachment":[{"href":"https:\/\/urban-nation.com\/de\/wp-json\/wp\/v2\/media?parent=561495"}],"wp:term":[{"taxonomy":"category","embeddable":true,"href":"https:\/\/urban-nation.com\/de\/wp-json\/wp\/v2\/categories?post=561495"},{"taxonomy":"post_tag","embeddable":true,"href":"https:\/\/urban-nation.com\/de\/wp-json\/wp\/v2\/tags?post=561495"},{"taxonomy":"un-event-series","embeddable":true,"href":"https:\/\/urban-nation.com\/de\/wp-json\/wp\/v2\/un-event-series?post=561495"}],"curies":[{"name":"wp","href":"https:\/\/api.w.org\/{rel}","templated":true}]}}