{"id":562271,"date":"2022-01-25T17:13:06","date_gmt":"2022-01-25T16:13:06","guid":{"rendered":"https:\/\/urban-nation.com\/?p=562271"},"modified":"2022-06-15T08:27:34","modified_gmt":"2022-06-15T06:27:34","slug":"ueber-die-martha-cooper-library-martha-cooper-und-bsa-im-interview","status":"publish","type":"post","link":"https:\/\/urban-nation.com\/de\/2022\/01\/ueber-die-martha-cooper-library-martha-cooper-und-bsa-im-interview\/","title":{"rendered":"\u00dcber die Martha Cooper Library \u2013 Martha Cooper und BSA im Interview"},"content":{"rendered":"\n<p>Im November 2021 war Martha Cooper zusammen mit Jaime Rojo und Steven P. Harrington von <a href=\"https:\/\/www.brooklynstreetart.com\/\" target=\"_blank\" rel=\"noreferrer noopener\">Brooklyn Street Art <\/a>zur Besichtigung ihrer Ausstellung &#8222;<a href=\"https:\/\/urban-nation.com\/de\/martha-cooper-taking-pictures\/\" target=\"_blank\" rel=\"noreferrer noopener\">Taking Pictures<\/a>&#8220; in Berlin und hat die Martha Cooper Library er\u00f6ffnet. Im Lesesaal der MCL im Museum wurden ihnen die ersten Bibliotheksausweise der MCL ausgestellt. Damit wurde die Bibliothek feierlich eingeweiht und ist seit dem zweiten November den Publikumsverkehr ge\u00f6ffnet.&nbsp;<\/p>\n\n\n\n<p>In der Zwischenzeit hat sich viel getan: \u00dcber den Kontakt von Sascha Blasche, <a href=\"https:\/\/hitzerot.com\/\" target=\"_blank\" rel=\"noreferrer noopener\">Hitzerot<\/a>, erhielten wir im Januar diesen Jahres eine gro\u00dfz\u00fcgige Spende der <a href=\"https:\/\/www.dutch-graffiti-library.nl\/\" target=\"_blank\" rel=\"noreferrer noopener\">Dutch Graffiti Library<\/a>. Die Dutch Grafiti Library wurde 2018 von den Zwillingen Marcell und Richard van Tiggelen gegr\u00fcndet. Zusammen mit Sanne van Doorn bauten sie eine umfangreiche private Sammlung zu Graffiti mit Fokus auf die Niederlande auf und ver\u00f6ffentlichten mehrere Publikationen zum Thema. B\u00fccher der Dutch Graffiti Library findet man im <a href=\"https:\/\/open.urban-nation.com\/de-de\/Mediensuche\/Einfache-Suche?search=dutch+graffiti+library&amp;top=y&amp;module=1\" target=\"_blank\" rel=\"noreferrer noopener\">OPAC<\/a>. Eine interessante Spende erhielten wir zudem von Kathryn Nussdorf. W\u00e4hrend eines VHS-Seminares kreierte sie ein <a href=\"https:\/\/open.urban-nation.com\/de-de\/Mediensuche\/Einfache-Suche?search=cbs&amp;top=y&amp;detail=0\" target=\"_blank\" rel=\"noreferrer noopener\">Fanbuch<\/a> \u00fcber die Berliner Graffitigruppe CBS mit vielen Fotos. In einem Austausch mit dem <a href=\"https:\/\/open.urban-nation.com\/de-de\/Mediensuche\/Einfache-Suche?search=Mus%C3%A9e+des+beaux-arts+de+nancy&amp;top=y&amp;module=1\" target=\"_blank\" rel=\"noreferrer noopener\">Mus\u00e9e des Beaux-Arts de Nancy<\/a> erhielten wir weitere Kataloge. Und im April wird es die erste Veranstaltung geben: \u201eMCL presents\u2026\u201c&nbsp;<\/p>\n\n\n\n<p>Zusammen mit Jaime Rojo und Steven P. Harrington von <a href=\"https:\/\/www.brooklynstreetart.com\/\" target=\"_blank\" rel=\"noreferrer noopener\">Brooklyn Street Art<\/a> haben wir Martha Cooper zur Er\u00f6ffnung interviewt \u2013 \u00fcber ihre Ideen, W\u00fcnsche und Visionen f\u00fcr die Bibliothek. <br><br>Das Ergebnis ist hier zu sehen:<\/p>\n\n\n\n<figure class=\"wp-block-embed is-type-video is-provider-youtube wp-block-embed-youtube wp-embed-aspect-16-9 wp-has-aspect-ratio\"><div class=\"wp-block-embed__wrapper\">\n<div class=\"BorlabsCookie _brlbs-cb-youtube\"><div class=\"un-content-blocker video-blocker\"> <img decoding=\"async\" class=\"un-blocker-thumbnail\" src=\"https:\/\/urban-nation.com\/wp-content\/uploads\/2019\/12\/un-blocker-background-youtube.jpg\" alt=\"YouTube\"> <div class=\"un-blocker-content un-video-youtube\"> <div class=\"un-caption\"> <strong>Mit dem Laden des Videos akzeptieren Sie die Datenschutzerkl\u00e4rung von YouTube.<\/strong><br> <a href=\"https:\/\/policies.google.com\/privacy\" target=\"_blank\" rel=\"nofollow noopener noreferrer\">Mehr erfahren<\/a> <p><a class=\"blocking-button\" href=\"#\" data-borlabs-cookie-unblock role=\"button\">Video laden<\/a><\/p> <p><label><input type=\"checkbox\" name=\"unblockAll\" value=\"1\" checked> <small>YouTube immer entsperren<\/small> <\/label><\/p> <\/div> <\/div> <\/div><div class=\"borlabs-hide\" data-borlabs-cookie-type=\"content-blocker\" data-borlabs-cookie-id=\"youtube\"><script type=\"text\/template\">PGRpdiBjbGFzcz0iX2JybGJzLWZsdWlkLXdpZHRoLXZpZGVvLXdyYXBwZXIiPjxpZnJhbWUgdGl0bGU9IkludGVydmlldyBtaXQgTWFydGhhIENvb3BlciB1bmQgQlNBIHp1ciBFcsO2ZmZudW5nIGRlciBNYXJ0aGEgQ29vcGVyIExpYnJhcnkgKE1DTCkiIHdpZHRoPSI1MDAiIGhlaWdodD0iMjgxIiBzcmM9Imh0dHBzOi8vd3d3LnlvdXR1YmUtbm9jb29raWUuY29tL2VtYmVkL05lbVpRNXNjcnk0P2ZlYXR1cmU9b2VtYmVkIiBmcmFtZWJvcmRlcj0iMCIgYWxsb3c9ImFjY2VsZXJvbWV0ZXI7IGF1dG9wbGF5OyBjbGlwYm9hcmQtd3JpdGU7IGVuY3J5cHRlZC1tZWRpYTsgZ3lyb3Njb3BlOyBwaWN0dXJlLWluLXBpY3R1cmU7IHdlYi1zaGFyZSIgcmVmZXJyZXJwb2xpY3k9InN0cmljdC1vcmlnaW4td2hlbi1jcm9zcy1vcmlnaW4iIGFsbG93ZnVsbHNjcmVlbj48L2lmcmFtZT48L2Rpdj4=<\/script><\/div><\/div>\n<\/div><\/figure>\n\n\n\n<p><br><a href=\"https:\/\/urban-nation.com\/de\/ueber-uns\/martha-cooper-library\/\">Martha Cooper Bibliothek im URBAN NATION Museum<\/a><\/p>\n","protected":false},"excerpt":{"rendered":"<p>Im November 2021 war Martha Cooper zusammen mit Jaime Rojo und Steven P. Harrington von Brooklyn Street Art zur Besichtigung ihrer Ausstellung &#8222;Taking Pictures&#8220; in Berlin und hat die Martha Cooper Library er\u00f6ffnet. Im Lesesaal der MCL im Museum wurden [&hellip;]<\/p>\n","protected":false},"author":21,"featured_media":561509,"comment_status":"closed","ping_status":"closed","sticky":false,"template":"","format":"standard","meta":{"_acf_changed":false,"footnotes":""},"categories":[106,378,114],"tags":[],"un-event-series":[],"class_list":["post-562271","post","type-post","status-publish","format-standard","has-post-thumbnail","hentry","category-blog-de","category-martha-cooper-library-de","category-urban-nation-de"],"acf":[],"yoast_head":"<!-- This site is optimized with the Yoast SEO plugin v24.1 - https:\/\/yoast.com\/wordpress\/plugins\/seo\/ -->\n<title>\u00dcber die Martha Cooper Library \u2013 Martha Cooper und BSA im Interview &#8211; Urban Nation<\/title>\n<meta name=\"robots\" content=\"index, follow, max-snippet:-1, max-image-preview:large, max-video-preview:-1\" \/>\n<link rel=\"canonical\" href=\"https:\/\/urban-nation.com\/de\/2022\/01\/ueber-die-martha-cooper-library-martha-cooper-und-bsa-im-interview\/\" \/>\n<meta property=\"og:locale\" content=\"de_DE\" \/>\n<meta property=\"og:type\" content=\"article\" \/>\n<meta property=\"og:title\" content=\"\u00dcber die Martha Cooper Library \u2013 Martha Cooper und BSA im Interview &#8211; Urban Nation\" \/>\n<meta property=\"og:description\" content=\"Im November 2021 war Martha Cooper zusammen mit Jaime Rojo und Steven P. Harrington von Brooklyn Street Art zur Besichtigung ihrer Ausstellung &#8222;Taking Pictures&#8220; in Berlin und hat die Martha Cooper Library er\u00f6ffnet. Im Lesesaal der MCL im Museum wurden [&hellip;]\" \/>\n<meta property=\"og:url\" content=\"https:\/\/urban-nation.com\/de\/2022\/01\/ueber-die-martha-cooper-library-martha-cooper-und-bsa-im-interview\/\" \/>\n<meta property=\"og:site_name\" content=\"Urban Nation\" \/>\n<meta property=\"article:publisher\" content=\"https:\/\/www.facebook.com\/urbannationberlin\" \/>\n<meta property=\"article:published_time\" content=\"2022-01-25T16:13:06+00:00\" \/>\n<meta property=\"article:modified_time\" content=\"2022-06-15T06:27:34+00:00\" \/>\n<meta property=\"og:image\" content=\"https:\/\/urban-nation.com\/wp-content\/uploads\/2021\/11\/Martha-Cooper-by-Nika-Kramer-1.jpg\" \/>\n\t<meta property=\"og:image:width\" content=\"2362\" \/>\n\t<meta property=\"og:image:height\" content=\"1575\" \/>\n\t<meta property=\"og:image:type\" content=\"image\/jpeg\" \/>\n<meta name=\"author\" content=\"BLITZEN\" \/>\n<script type=\"application\/ld+json\" class=\"yoast-schema-graph\">{\"@context\":\"https:\/\/schema.org\",\"@graph\":[{\"@type\":\"WebPage\",\"@id\":\"https:\/\/urban-nation.com\/de\/2022\/01\/ueber-die-martha-cooper-library-martha-cooper-und-bsa-im-interview\/\",\"url\":\"https:\/\/urban-nation.com\/de\/2022\/01\/ueber-die-martha-cooper-library-martha-cooper-und-bsa-im-interview\/\",\"name\":\"\u00dcber die Martha Cooper Library \u2013 Martha Cooper und BSA im Interview &#8211; Urban Nation\",\"isPartOf\":{\"@id\":\"https:\/\/urban-nation.com\/#website\"},\"primaryImageOfPage\":{\"@id\":\"https:\/\/urban-nation.com\/de\/2022\/01\/ueber-die-martha-cooper-library-martha-cooper-und-bsa-im-interview\/#primaryimage\"},\"image\":{\"@id\":\"https:\/\/urban-nation.com\/de\/2022\/01\/ueber-die-martha-cooper-library-martha-cooper-und-bsa-im-interview\/#primaryimage\"},\"thumbnailUrl\":\"https:\/\/urban-nation.com\/wp-content\/uploads\/2021\/11\/Martha-Cooper-by-Nika-Kramer-1.jpg\",\"datePublished\":\"2022-01-25T16:13:06+00:00\",\"dateModified\":\"2022-06-15T06:27:34+00:00\",\"author\":{\"@id\":\"https:\/\/urban-nation.com\/#\/schema\/person\/0ca4f6cf35d6a8bd339dd6d1bc9a8f2e\"},\"breadcrumb\":{\"@id\":\"https:\/\/urban-nation.com\/de\/2022\/01\/ueber-die-martha-cooper-library-martha-cooper-und-bsa-im-interview\/#breadcrumb\"},\"inLanguage\":\"de\",\"potentialAction\":[{\"@type\":\"ReadAction\",\"target\":[\"https:\/\/urban-nation.com\/de\/2022\/01\/ueber-die-martha-cooper-library-martha-cooper-und-bsa-im-interview\/\"]}]},{\"@type\":\"ImageObject\",\"inLanguage\":\"de\",\"@id\":\"https:\/\/urban-nation.com\/de\/2022\/01\/ueber-die-martha-cooper-library-martha-cooper-und-bsa-im-interview\/#primaryimage\",\"url\":\"https:\/\/urban-nation.com\/wp-content\/uploads\/2021\/11\/Martha-Cooper-by-Nika-Kramer-1.jpg\",\"contentUrl\":\"https:\/\/urban-nation.com\/wp-content\/uploads\/2021\/11\/Martha-Cooper-by-Nika-Kramer-1.jpg\",\"width\":2362,\"height\":1575},{\"@type\":\"BreadcrumbList\",\"@id\":\"https:\/\/urban-nation.com\/de\/2022\/01\/ueber-die-martha-cooper-library-martha-cooper-und-bsa-im-interview\/#breadcrumb\",\"itemListElement\":[{\"@type\":\"ListItem\",\"position\":1,\"name\":\"Home\",\"item\":\"https:\/\/urban-nation.com\/de\/\"},{\"@type\":\"ListItem\",\"position\":2,\"name\":\"\u00dcber die Martha Cooper Library \u2013 Martha Cooper und BSA im Interview\"}]},{\"@type\":\"WebSite\",\"@id\":\"https:\/\/urban-nation.com\/#website\",\"url\":\"https:\/\/urban-nation.com\/\",\"name\":\"Urban Nation\",\"description\":\"Museum for Urban Contemporary Art\",\"potentialAction\":[{\"@type\":\"SearchAction\",\"target\":{\"@type\":\"EntryPoint\",\"urlTemplate\":\"https:\/\/urban-nation.com\/?s={search_term_string}\"},\"query-input\":{\"@type\":\"PropertyValueSpecification\",\"valueRequired\":true,\"valueName\":\"search_term_string\"}}],\"inLanguage\":\"de\"},{\"@type\":\"Person\",\"@id\":\"https:\/\/urban-nation.com\/#\/schema\/person\/0ca4f6cf35d6a8bd339dd6d1bc9a8f2e\",\"name\":\"BLITZEN\"}]}<\/script>\n<!-- \/ Yoast SEO plugin. -->","yoast_head_json":{"title":"\u00dcber die Martha Cooper Library \u2013 Martha Cooper und BSA im Interview &#8211; Urban Nation","robots":{"index":"index","follow":"follow","max-snippet":"max-snippet:-1","max-image-preview":"max-image-preview:large","max-video-preview":"max-video-preview:-1"},"canonical":"https:\/\/urban-nation.com\/de\/2022\/01\/ueber-die-martha-cooper-library-martha-cooper-und-bsa-im-interview\/","og_locale":"de_DE","og_type":"article","og_title":"\u00dcber die Martha Cooper Library \u2013 Martha Cooper und BSA im Interview &#8211; Urban Nation","og_description":"Im November 2021 war Martha Cooper zusammen mit Jaime Rojo und Steven P. Harrington von Brooklyn Street Art zur Besichtigung ihrer Ausstellung &#8222;Taking Pictures&#8220; in Berlin und hat die Martha Cooper Library er\u00f6ffnet. Im Lesesaal der MCL im Museum wurden [&hellip;]","og_url":"https:\/\/urban-nation.com\/de\/2022\/01\/ueber-die-martha-cooper-library-martha-cooper-und-bsa-im-interview\/","og_site_name":"Urban Nation","article_publisher":"https:\/\/www.facebook.com\/urbannationberlin","article_published_time":"2022-01-25T16:13:06+00:00","article_modified_time":"2022-06-15T06:27:34+00:00","og_image":[{"width":2362,"height":1575,"url":"https:\/\/urban-nation.com\/wp-content\/uploads\/2021\/11\/Martha-Cooper-by-Nika-Kramer-1.jpg","type":"image\/jpeg"}],"author":"BLITZEN","schema":{"@context":"https:\/\/schema.org","@graph":[{"@type":"WebPage","@id":"https:\/\/urban-nation.com\/de\/2022\/01\/ueber-die-martha-cooper-library-martha-cooper-und-bsa-im-interview\/","url":"https:\/\/urban-nation.com\/de\/2022\/01\/ueber-die-martha-cooper-library-martha-cooper-und-bsa-im-interview\/","name":"\u00dcber die Martha Cooper Library \u2013 Martha Cooper und BSA im Interview &#8211; Urban Nation","isPartOf":{"@id":"https:\/\/urban-nation.com\/#website"},"primaryImageOfPage":{"@id":"https:\/\/urban-nation.com\/de\/2022\/01\/ueber-die-martha-cooper-library-martha-cooper-und-bsa-im-interview\/#primaryimage"},"image":{"@id":"https:\/\/urban-nation.com\/de\/2022\/01\/ueber-die-martha-cooper-library-martha-cooper-und-bsa-im-interview\/#primaryimage"},"thumbnailUrl":"https:\/\/urban-nation.com\/wp-content\/uploads\/2021\/11\/Martha-Cooper-by-Nika-Kramer-1.jpg","datePublished":"2022-01-25T16:13:06+00:00","dateModified":"2022-06-15T06:27:34+00:00","author":{"@id":"https:\/\/urban-nation.com\/#\/schema\/person\/0ca4f6cf35d6a8bd339dd6d1bc9a8f2e"},"breadcrumb":{"@id":"https:\/\/urban-nation.com\/de\/2022\/01\/ueber-die-martha-cooper-library-martha-cooper-und-bsa-im-interview\/#breadcrumb"},"inLanguage":"de","potentialAction":[{"@type":"ReadAction","target":["https:\/\/urban-nation.com\/de\/2022\/01\/ueber-die-martha-cooper-library-martha-cooper-und-bsa-im-interview\/"]}]},{"@type":"ImageObject","inLanguage":"de","@id":"https:\/\/urban-nation.com\/de\/2022\/01\/ueber-die-martha-cooper-library-martha-cooper-und-bsa-im-interview\/#primaryimage","url":"https:\/\/urban-nation.com\/wp-content\/uploads\/2021\/11\/Martha-Cooper-by-Nika-Kramer-1.jpg","contentUrl":"https:\/\/urban-nation.com\/wp-content\/uploads\/2021\/11\/Martha-Cooper-by-Nika-Kramer-1.jpg","width":2362,"height":1575},{"@type":"BreadcrumbList","@id":"https:\/\/urban-nation.com\/de\/2022\/01\/ueber-die-martha-cooper-library-martha-cooper-und-bsa-im-interview\/#breadcrumb","itemListElement":[{"@type":"ListItem","position":1,"name":"Home","item":"https:\/\/urban-nation.com\/de\/"},{"@type":"ListItem","position":2,"name":"\u00dcber die Martha Cooper Library \u2013 Martha Cooper und BSA im Interview"}]},{"@type":"WebSite","@id":"https:\/\/urban-nation.com\/#website","url":"https:\/\/urban-nation.com\/","name":"Urban Nation","description":"Museum for Urban Contemporary Art","potentialAction":[{"@type":"SearchAction","target":{"@type":"EntryPoint","urlTemplate":"https:\/\/urban-nation.com\/?s={search_term_string}"},"query-input":{"@type":"PropertyValueSpecification","valueRequired":true,"valueName":"search_term_string"}}],"inLanguage":"de"},{"@type":"Person","@id":"https:\/\/urban-nation.com\/#\/schema\/person\/0ca4f6cf35d6a8bd339dd6d1bc9a8f2e","name":"BLITZEN"}]}},"_links":{"self":[{"href":"https:\/\/urban-nation.com\/de\/wp-json\/wp\/v2\/posts\/562271","targetHints":{"allow":["GET"]}}],"collection":[{"href":"https:\/\/urban-nation.com\/de\/wp-json\/wp\/v2\/posts"}],"about":[{"href":"https:\/\/urban-nation.com\/de\/wp-json\/wp\/v2\/types\/post"}],"author":[{"embeddable":true,"href":"https:\/\/urban-nation.com\/de\/wp-json\/wp\/v2\/users\/21"}],"replies":[{"embeddable":true,"href":"https:\/\/urban-nation.com\/de\/wp-json\/wp\/v2\/comments?post=562271"}],"version-history":[{"count":3,"href":"https:\/\/urban-nation.com\/de\/wp-json\/wp\/v2\/posts\/562271\/revisions"}],"predecessor-version":[{"id":564824,"href":"https:\/\/urban-nation.com\/de\/wp-json\/wp\/v2\/posts\/562271\/revisions\/564824"}],"wp:featuredmedia":[{"embeddable":true,"href":"https:\/\/urban-nation.com\/de\/wp-json\/wp\/v2\/media\/561509"}],"wp:attachment":[{"href":"https:\/\/urban-nation.com\/de\/wp-json\/wp\/v2\/media?parent=562271"}],"wp:term":[{"taxonomy":"category","embeddable":true,"href":"https:\/\/urban-nation.com\/de\/wp-json\/wp\/v2\/categories?post=562271"},{"taxonomy":"post_tag","embeddable":true,"href":"https:\/\/urban-nation.com\/de\/wp-json\/wp\/v2\/tags?post=562271"},{"taxonomy":"un-event-series","embeddable":true,"href":"https:\/\/urban-nation.com\/de\/wp-json\/wp\/v2\/un-event-series?post=562271"}],"curies":[{"name":"wp","href":"https:\/\/api.w.org\/{rel}","templated":true}]}}