{"id":565614,"date":"2022-07-07T12:36:13","date_gmt":"2022-07-07T10:36:13","guid":{"rendered":"https:\/\/urban-nation.com\/?p=565614"},"modified":"2022-07-08T11:47:35","modified_gmt":"2022-07-08T09:47:35","slug":"die-eroeffnung-von-talking-other-banana-skins-war-ein-voller-erfolg","status":"publish","type":"post","link":"https:\/\/urban-nation.com\/de\/2022\/07\/die-eroeffnung-von-talking-other-banana-skins-war-ein-voller-erfolg\/","title":{"rendered":"Die Er\u00f6ffnung von &#8222;TALKING&#8230; &#038; OTHER BANANA SKINS&#8220; und &#8222;UNARTIG&#8220; war ein voller Erfolg!"},"content":{"rendered":"\n<p><strong>Am 17. Juni wurde die Er\u00f6ffnung der neuen Ausstellung &#8222;<a href=\"https:\/\/urban-nation.com\/de\/talking-other-banana-skins\/\">TALKING&#8230; &amp; OTHER BANANA SKINS<\/a>&#8220; mit dem dreit\u00e4gigen Kunstfest UNARTIG gefeiert. Trotz der Hitze besuchten insgesamt etwa 10.000 Menschen das URBAN NATION Museum und das &#8222;<a href=\"https:\/\/urban-nation.com\/de\/unartig-kunstfest-im-quartier\/\">UNARTIG &#8211; Kunstfest im Quartier<\/a><strong>\u201c<\/strong>.<\/strong><\/p>\n\n\n\n<figure class=\"wp-block-embed is-type-video is-provider-youtube wp-block-embed-youtube wp-embed-aspect-16-9 wp-has-aspect-ratio\"><div class=\"wp-block-embed__wrapper\">\n<div class=\"BorlabsCookie _brlbs-cb-youtube\"><div class=\"un-content-blocker video-blocker\"> <img decoding=\"async\" class=\"un-blocker-thumbnail\" src=\"https:\/\/urban-nation.com\/wp-content\/uploads\/2019\/12\/un-blocker-background-youtube.jpg\" alt=\"YouTube\"> <div class=\"un-blocker-content un-video-youtube\"> <div class=\"un-caption\"> <strong>Mit dem Laden des Videos akzeptieren Sie die Datenschutzerkl\u00e4rung von YouTube.<\/strong><br> <a href=\"https:\/\/policies.google.com\/privacy\" target=\"_blank\" rel=\"nofollow noopener noreferrer\">Mehr erfahren<\/a> <p><a class=\"blocking-button\" href=\"#\" data-borlabs-cookie-unblock role=\"button\">Video laden<\/a><\/p> <p><label><input type=\"checkbox\" name=\"unblockAll\" value=\"1\" checked> <small>YouTube immer entsperren<\/small> <\/label><\/p> <\/div> <\/div> <\/div><div class=\"borlabs-hide\" data-borlabs-cookie-type=\"content-blocker\" data-borlabs-cookie-id=\"youtube\"><script type=\"text\/template\">PGRpdiBjbGFzcz0iX2JybGJzLWZsdWlkLXdpZHRoLXZpZGVvLXdyYXBwZXIiPjxpZnJhbWUgdGl0bGU9Ik9QRU5JTkcgUkVWSUVXOiBUQUxLSU5HLi4uICZhbXA7IE9USEVSIEJBTkFOQSBTS0lOUyAvIFVOQVJUSUcgQVQgVVJCQU4gTkFUSU9OIE1VU0VVTSBCRVJMSU4iIHdpZHRoPSI1MDAiIGhlaWdodD0iMjgxIiBzcmM9Imh0dHBzOi8vd3d3LnlvdXR1YmUtbm9jb29raWUuY29tL2VtYmVkL1pDT1FYWGRHblBzP2ZlYXR1cmU9b2VtYmVkIiBmcmFtZWJvcmRlcj0iMCIgYWxsb3c9ImFjY2VsZXJvbWV0ZXI7IGF1dG9wbGF5OyBjbGlwYm9hcmQtd3JpdGU7IGVuY3J5cHRlZC1tZWRpYTsgZ3lyb3Njb3BlOyBwaWN0dXJlLWluLXBpY3R1cmU7IHdlYi1zaGFyZSIgcmVmZXJyZXJwb2xpY3k9InN0cmljdC1vcmlnaW4td2hlbi1jcm9zcy1vcmlnaW4iIGFsbG93ZnVsbHNjcmVlbj48L2lmcmFtZT48L2Rpdj4=<\/script><\/div><\/div>\n<\/div><\/figure>\n\n\n\n<p>F\u00fcr diesen besonderen Erfolg bedankt sich das URBAN NATION Museum im Namen der Stiftung Berliner Leben bei allen Teilnehmenden. Die hohe Beteiligung an Workshops und Urban Art F\u00fchrungen sowie die gro\u00dfartige Resonanz auf die Perfomances und die gezeigten Kunstwerke sind ein positives Signal f\u00fcr die Arbeit der Stiftung im Quartier und des Museumsbetriebs.<\/p>\n\n\n\n<h2 class=\"wp-block-heading\">PERFORMANCES<\/h2>\n\n\n\n<p>Sehr beeindruckend waren die Auff\u00fchrungen von Yoann Bourgeois mit Fugue\/Trampoline.  Es war ein kleines spektakul\u00e4res Tanzst\u00fcck, irgendwo zwischen Zirkus und Poesie, f\u00fcr einen Mann und ein Objekt, komponiert auf Philip Glass&#8216; Metamorphosis n\u00b02. Ein Video davon ist dauerhaft im Museum zu sehen.<\/p>\n\n\n\n<figure class=\"wp-block-image size-large is-resized\"><img decoding=\"async\" loading=\"lazy\" src=\"https:\/\/urban-nation.com\/wp-content\/uploads\/2022\/07\/NK-UNartig-220618-0454-copy-1-960x674.jpg\" alt=\"Yoann Bourgeois\" class=\"wp-image-565768\" width=\"840\" height=\"589\" srcset=\"https:\/\/urban-nation.com\/wp-content\/uploads\/2022\/07\/NK-UNartig-220618-0454-copy-1-960x674.jpg 960w, https:\/\/urban-nation.com\/wp-content\/uploads\/2022\/07\/NK-UNartig-220618-0454-copy-1-640x449.jpg 640w, https:\/\/urban-nation.com\/wp-content\/uploads\/2022\/07\/NK-UNartig-220618-0454-copy-1-768x539.jpg 768w, https:\/\/urban-nation.com\/wp-content\/uploads\/2022\/07\/NK-UNartig-220618-0454-copy-1-1536x1078.jpg 1536w, https:\/\/urban-nation.com\/wp-content\/uploads\/2022\/07\/NK-UNartig-220618-0454-copy-1-1440x1010.jpg 1440w, https:\/\/urban-nation.com\/wp-content\/uploads\/2022\/07\/NK-UNartig-220618-0454-copy-1.jpg 1920w\" sizes=\"auto, (max-width: 840px) 100vw, 840px\" \/><figcaption><a href=\"https:\/\/www.instagram.com\/yoann_bourgeois\/\">Yoann Bourgeois<\/a> \/ photo by Nika Kramer<\/figcaption><\/figure>\n\n\n\n<p>Mit dabei waren Musiker wie Cile, Souly &amp; Matt Mendo, DJ Taip (Hip Hop &amp; Funk, Elektro), Okujou Beat und Nicolas Engel (Piano). Auch vier Bl\u00e4ser der Komischen Oper Berlin zeigten ihr K\u00f6nnen. Der Klang der Instrumente mischte sich mit dem L\u00e4rm der Stadt als &#8222;Oper f\u00fcr alle&#8220;.<\/p>\n\n\n\t\t<section class=\"slider-section\" data-controls=\"true\" data-gallery=\"false\" data-lightbox=\"false\" data-download=\"false\" data-auto=\"true\">\n\t\t\t<ul id=\"module-gallery-slider-slider-block_62c6b27312559\" class=\"caption-slider\">\n\t\t\t\t\t\t\t\t\t<li class=\"slider-element\" data-thumb=\"https:\/\/urban-nation.com\/wp-content\/uploads\/2022\/06\/NK-UNartig-220617-0482-copy-250x250.jpg\"\n\t\t\t\t\t\tdata-src=\"https:\/\/urban-nation.com\/wp-content\/uploads\/2022\/06\/NK-UNartig-220617-0482-copy.jpg\">\n\t\t\t\t\t\t<div class=\"media-element\">\n\t\t\t\t\t\t\t<img loading=\"lazy\" decoding=\"async\" width=\"960\" height=\"674\" src=\"https:\/\/urban-nation.com\/wp-content\/uploads\/2022\/06\/NK-UNartig-220617-0482-copy-960x674.jpg\" class=\"gallery-slider-image\" alt=\"UNARTIG Kunstfest im Quartier\" srcset=\"https:\/\/urban-nation.com\/wp-content\/uploads\/2022\/06\/NK-UNartig-220617-0482-copy-960x674.jpg 960w, https:\/\/urban-nation.com\/wp-content\/uploads\/2022\/06\/NK-UNartig-220617-0482-copy-640x449.jpg 640w, https:\/\/urban-nation.com\/wp-content\/uploads\/2022\/06\/NK-UNartig-220617-0482-copy-768x539.jpg 768w, https:\/\/urban-nation.com\/wp-content\/uploads\/2022\/06\/NK-UNartig-220617-0482-copy-1536x1078.jpg 1536w, https:\/\/urban-nation.com\/wp-content\/uploads\/2022\/06\/NK-UNartig-220617-0482-copy-1440x1010.jpg 1440w, https:\/\/urban-nation.com\/wp-content\/uploads\/2022\/06\/NK-UNartig-220617-0482-copy.jpg 1920w\" sizes=\"auto, (max-width: 960px) 100vw, 960px\" \/>\t\t\t\t\t\t<\/div>\n\t\t\t\t\t\t<div class=\"slide-description\">\n\t\t\t\t\t\t\tFoto: Nika Kramer\t\t\t\t\t\t<\/div>\n\t\t\t\t\t<\/li>\n\t\t\t\t\t\t\t\t\t<li class=\"slider-element\" data-thumb=\"https:\/\/urban-nation.com\/wp-content\/uploads\/2022\/06\/NK-UNartig-220618-0043-copy-250x250.jpg\"\n\t\t\t\t\t\tdata-src=\"https:\/\/urban-nation.com\/wp-content\/uploads\/2022\/06\/NK-UNartig-220618-0043-copy.jpg\">\n\t\t\t\t\t\t<div class=\"media-element\">\n\t\t\t\t\t\t\t<img loading=\"lazy\" decoding=\"async\" width=\"960\" height=\"640\" src=\"https:\/\/urban-nation.com\/wp-content\/uploads\/2022\/06\/NK-UNartig-220618-0043-copy-960x640.jpg\" class=\"gallery-slider-image\" alt=\"UNARTIG Kunstfest im Quartier\" srcset=\"https:\/\/urban-nation.com\/wp-content\/uploads\/2022\/06\/NK-UNartig-220618-0043-copy-960x640.jpg 960w, https:\/\/urban-nation.com\/wp-content\/uploads\/2022\/06\/NK-UNartig-220618-0043-copy-640x427.jpg 640w, https:\/\/urban-nation.com\/wp-content\/uploads\/2022\/06\/NK-UNartig-220618-0043-copy-768x512.jpg 768w, https:\/\/urban-nation.com\/wp-content\/uploads\/2022\/06\/NK-UNartig-220618-0043-copy-1536x1024.jpg 1536w, https:\/\/urban-nation.com\/wp-content\/uploads\/2022\/06\/NK-UNartig-220618-0043-copy-1440x960.jpg 1440w, https:\/\/urban-nation.com\/wp-content\/uploads\/2022\/06\/NK-UNartig-220618-0043-copy.jpg 2021w\" sizes=\"auto, (max-width: 960px) 100vw, 960px\" \/>\t\t\t\t\t\t<\/div>\n\t\t\t\t\t\t<div class=\"slide-description\">\n\t\t\t\t\t\t\tYoann Bourgeois \/ Foto: Nika Kramer\t\t\t\t\t\t<\/div>\n\t\t\t\t\t<\/li>\n\t\t\t\t\t\t\t\t\t<li class=\"slider-element\" data-thumb=\"https:\/\/urban-nation.com\/wp-content\/uploads\/2022\/06\/berlinARTcore-2359-2-250x250.jpg\"\n\t\t\t\t\t\tdata-src=\"https:\/\/urban-nation.com\/wp-content\/uploads\/2022\/06\/berlinARTcore-2359-2.jpg\">\n\t\t\t\t\t\t<div class=\"media-element\">\n\t\t\t\t\t\t\t<img loading=\"lazy\" decoding=\"async\" width=\"960\" height=\"674\" src=\"https:\/\/urban-nation.com\/wp-content\/uploads\/2022\/06\/berlinARTcore-2359-2-960x674.jpg\" class=\"gallery-slider-image\" alt=\"UNARTIG Kunstfest im Quartier\" srcset=\"https:\/\/urban-nation.com\/wp-content\/uploads\/2022\/06\/berlinARTcore-2359-2-960x674.jpg 960w, https:\/\/urban-nation.com\/wp-content\/uploads\/2022\/06\/berlinARTcore-2359-2-640x449.jpg 640w, https:\/\/urban-nation.com\/wp-content\/uploads\/2022\/06\/berlinARTcore-2359-2-768x539.jpg 768w, https:\/\/urban-nation.com\/wp-content\/uploads\/2022\/06\/berlinARTcore-2359-2-1536x1078.jpg 1536w, https:\/\/urban-nation.com\/wp-content\/uploads\/2022\/06\/berlinARTcore-2359-2-1440x1010.jpg 1440w, https:\/\/urban-nation.com\/wp-content\/uploads\/2022\/06\/berlinARTcore-2359-2.jpg 1920w\" sizes=\"auto, (max-width: 960px) 100vw, 960px\" \/>\t\t\t\t\t\t<\/div>\n\t\t\t\t\t\t<div class=\"slide-description\">\n\t\t\t\t\t\t\tFoto: Sebastian Kl\u00e4bsch\t\t\t\t\t\t<\/div>\n\t\t\t\t\t<\/li>\n\t\t\t\t\t\t\t\t\t<li class=\"slider-element\" data-thumb=\"https:\/\/urban-nation.com\/wp-content\/uploads\/2022\/06\/NK-UNartig-220619-0070-copy-1-250x250.jpg\"\n\t\t\t\t\t\tdata-src=\"https:\/\/urban-nation.com\/wp-content\/uploads\/2022\/06\/NK-UNartig-220619-0070-copy-1.jpg\">\n\t\t\t\t\t\t<div class=\"media-element\">\n\t\t\t\t\t\t\t<img loading=\"lazy\" decoding=\"async\" width=\"960\" height=\"674\" src=\"https:\/\/urban-nation.com\/wp-content\/uploads\/2022\/06\/NK-UNartig-220619-0070-copy-1-960x674.jpg\" class=\"gallery-slider-image\" alt=\"UNARTIG Kunstfest im Quartier\" srcset=\"https:\/\/urban-nation.com\/wp-content\/uploads\/2022\/06\/NK-UNartig-220619-0070-copy-1-960x674.jpg 960w, https:\/\/urban-nation.com\/wp-content\/uploads\/2022\/06\/NK-UNartig-220619-0070-copy-1-640x449.jpg 640w, https:\/\/urban-nation.com\/wp-content\/uploads\/2022\/06\/NK-UNartig-220619-0070-copy-1-768x539.jpg 768w, https:\/\/urban-nation.com\/wp-content\/uploads\/2022\/06\/NK-UNartig-220619-0070-copy-1-1536x1078.jpg 1536w, https:\/\/urban-nation.com\/wp-content\/uploads\/2022\/06\/NK-UNartig-220619-0070-copy-1-1440x1010.jpg 1440w, https:\/\/urban-nation.com\/wp-content\/uploads\/2022\/06\/NK-UNartig-220619-0070-copy-1.jpg 1920w\" sizes=\"auto, (max-width: 960px) 100vw, 960px\" \/>\t\t\t\t\t\t<\/div>\n\t\t\t\t\t\t<div class=\"slide-description\">\n\t\t\t\t\t\t\tFoto: Nika Kramer\t\t\t\t\t\t<\/div>\n\t\t\t\t\t<\/li>\n\t\t\t\t\t\t\t\t\t<li class=\"slider-element\" data-thumb=\"https:\/\/urban-nation.com\/wp-content\/uploads\/2022\/06\/NK-UNartig-220618-0112-copy-250x250.jpg\"\n\t\t\t\t\t\tdata-src=\"https:\/\/urban-nation.com\/wp-content\/uploads\/2022\/06\/NK-UNartig-220618-0112-copy.jpg\">\n\t\t\t\t\t\t<div class=\"media-element\">\n\t\t\t\t\t\t\t<img loading=\"lazy\" decoding=\"async\" width=\"960\" height=\"640\" src=\"https:\/\/urban-nation.com\/wp-content\/uploads\/2022\/06\/NK-UNartig-220618-0112-copy-960x640.jpg\" class=\"gallery-slider-image\" alt=\"UNARTIG Kunstfest im Quartier\" srcset=\"https:\/\/urban-nation.com\/wp-content\/uploads\/2022\/06\/NK-UNartig-220618-0112-copy-960x640.jpg 960w, https:\/\/urban-nation.com\/wp-content\/uploads\/2022\/06\/NK-UNartig-220618-0112-copy-640x427.jpg 640w, https:\/\/urban-nation.com\/wp-content\/uploads\/2022\/06\/NK-UNartig-220618-0112-copy-768x512.jpg 768w, https:\/\/urban-nation.com\/wp-content\/uploads\/2022\/06\/NK-UNartig-220618-0112-copy-1536x1024.jpg 1536w, https:\/\/urban-nation.com\/wp-content\/uploads\/2022\/06\/NK-UNartig-220618-0112-copy-1440x960.jpg 1440w, https:\/\/urban-nation.com\/wp-content\/uploads\/2022\/06\/NK-UNartig-220618-0112-copy.jpg 2021w\" sizes=\"auto, (max-width: 960px) 100vw, 960px\" \/>\t\t\t\t\t\t<\/div>\n\t\t\t\t\t\t<div class=\"slide-description\">\n\t\t\t\t\t\t\tFoto: Nika Kramer\t\t\t\t\t\t<\/div>\n\t\t\t\t\t<\/li>\n\t\t\t\t\t\t\t\t\t<li class=\"slider-element\" data-thumb=\"https:\/\/urban-nation.com\/wp-content\/uploads\/2022\/06\/NK-UNartig-220617-0300-copy-250x250.jpg\"\n\t\t\t\t\t\tdata-src=\"https:\/\/urban-nation.com\/wp-content\/uploads\/2022\/06\/NK-UNartig-220617-0300-copy.jpg\">\n\t\t\t\t\t\t<div class=\"media-element\">\n\t\t\t\t\t\t\t<img loading=\"lazy\" decoding=\"async\" width=\"960\" height=\"674\" src=\"https:\/\/urban-nation.com\/wp-content\/uploads\/2022\/06\/NK-UNartig-220617-0300-copy-960x674.jpg\" class=\"gallery-slider-image\" alt=\"UNARTIG Kunstfest im Quartier\" srcset=\"https:\/\/urban-nation.com\/wp-content\/uploads\/2022\/06\/NK-UNartig-220617-0300-copy-960x674.jpg 960w, https:\/\/urban-nation.com\/wp-content\/uploads\/2022\/06\/NK-UNartig-220617-0300-copy-640x449.jpg 640w, https:\/\/urban-nation.com\/wp-content\/uploads\/2022\/06\/NK-UNartig-220617-0300-copy-768x539.jpg 768w, https:\/\/urban-nation.com\/wp-content\/uploads\/2022\/06\/NK-UNartig-220617-0300-copy-1536x1078.jpg 1536w, https:\/\/urban-nation.com\/wp-content\/uploads\/2022\/06\/NK-UNartig-220617-0300-copy-1440x1010.jpg 1440w, https:\/\/urban-nation.com\/wp-content\/uploads\/2022\/06\/NK-UNartig-220617-0300-copy.jpg 1920w\" sizes=\"auto, (max-width: 960px) 100vw, 960px\" \/>\t\t\t\t\t\t<\/div>\n\t\t\t\t\t\t<div class=\"slide-description\">\n\t\t\t\t\t\t\tFoto: Nika Kramer\t\t\t\t\t\t<\/div>\n\t\t\t\t\t<\/li>\n\t\t\t\t\t\t\t\t\t<li class=\"slider-element\" data-thumb=\"https:\/\/urban-nation.com\/wp-content\/uploads\/2022\/06\/NK-UNartig-220617-0281-copy-250x250.jpg\"\n\t\t\t\t\t\tdata-src=\"https:\/\/urban-nation.com\/wp-content\/uploads\/2022\/06\/NK-UNartig-220617-0281-copy.jpg\">\n\t\t\t\t\t\t<div class=\"media-element\">\n\t\t\t\t\t\t\t<img loading=\"lazy\" decoding=\"async\" width=\"960\" height=\"674\" src=\"https:\/\/urban-nation.com\/wp-content\/uploads\/2022\/06\/NK-UNartig-220617-0281-copy-960x674.jpg\" class=\"gallery-slider-image\" alt=\"\" srcset=\"https:\/\/urban-nation.com\/wp-content\/uploads\/2022\/06\/NK-UNartig-220617-0281-copy-960x674.jpg 960w, https:\/\/urban-nation.com\/wp-content\/uploads\/2022\/06\/NK-UNartig-220617-0281-copy-640x449.jpg 640w, https:\/\/urban-nation.com\/wp-content\/uploads\/2022\/06\/NK-UNartig-220617-0281-copy-768x539.jpg 768w, https:\/\/urban-nation.com\/wp-content\/uploads\/2022\/06\/NK-UNartig-220617-0281-copy-1536x1078.jpg 1536w, https:\/\/urban-nation.com\/wp-content\/uploads\/2022\/06\/NK-UNartig-220617-0281-copy-1440x1010.jpg 1440w, https:\/\/urban-nation.com\/wp-content\/uploads\/2022\/06\/NK-UNartig-220617-0281-copy.jpg 1920w\" sizes=\"auto, (max-width: 960px) 100vw, 960px\" \/>\t\t\t\t\t\t<\/div>\n\t\t\t\t\t\t<div class=\"slide-description\">\n\t\t\t\t\t\t\tYoann Bourgeois \/ Foto: Nika Kramer\t\t\t\t\t\t<\/div>\n\t\t\t\t\t<\/li>\n\t\t\t\t\t\t\t\t\t<li class=\"slider-element\" data-thumb=\"https:\/\/urban-nation.com\/wp-content\/uploads\/2022\/06\/NK-UNartig-220617-0409-copy-250x250.jpg\"\n\t\t\t\t\t\tdata-src=\"https:\/\/urban-nation.com\/wp-content\/uploads\/2022\/06\/NK-UNartig-220617-0409-copy-scaled.jpg\">\n\t\t\t\t\t\t<div class=\"media-element\">\n\t\t\t\t\t\t\t<img loading=\"lazy\" decoding=\"async\" width=\"960\" height=\"640\" src=\"https:\/\/urban-nation.com\/wp-content\/uploads\/2022\/06\/NK-UNartig-220617-0409-copy-960x640.jpg\" class=\"gallery-slider-image\" alt=\"URBAN NATION Museum\" srcset=\"https:\/\/urban-nation.com\/wp-content\/uploads\/2022\/06\/NK-UNartig-220617-0409-copy-960x640.jpg 960w, https:\/\/urban-nation.com\/wp-content\/uploads\/2022\/06\/NK-UNartig-220617-0409-copy-640x427.jpg 640w, https:\/\/urban-nation.com\/wp-content\/uploads\/2022\/06\/NK-UNartig-220617-0409-copy-768x512.jpg 768w, https:\/\/urban-nation.com\/wp-content\/uploads\/2022\/06\/NK-UNartig-220617-0409-copy-1536x1024.jpg 1536w, https:\/\/urban-nation.com\/wp-content\/uploads\/2022\/06\/NK-UNartig-220617-0409-copy-2048x1366.jpg 2048w, https:\/\/urban-nation.com\/wp-content\/uploads\/2022\/06\/NK-UNartig-220617-0409-copy-1440x960.jpg 1440w\" sizes=\"auto, (max-width: 960px) 100vw, 960px\" \/>\t\t\t\t\t\t<\/div>\n\t\t\t\t\t\t<div class=\"slide-description\">\n\t\t\t\t\t\t\tFoto: Nika Kramer\t\t\t\t\t\t<\/div>\n\t\t\t\t\t<\/li>\n\t\t\t\t\t\t\t<\/ul>\n\t\t<\/section>\n\t\n\n\n<h2 class=\"wp-block-heading\">PROJEKTPARTNER &#8211; AKTIVIT\u00c4TEN &amp; DISKUSSIONSFORUM<\/h2>\n\n\n\n<p>Besonders gro\u00df war der Ansturm am Er\u00f6ffnungsabend, an dem sich viele Menschen an den zahlreichen Angeboten auf der Stra\u00dfe beteiligten und sich die Ausstellung im Museum ansahen. Die Auswahl der Angebote bewegte sich von Rapmusik \u00fcber Teezeremonie &amp; Streetfood bis hin zu Diskussionsforen, Floating Murals und k\u00fcnstlerischer Perfomance. So fanden sich viele Projektpartner wie etwa die Komische Oper, die Bundesstiftung Baukultur und die Ludothek ein<\/p>\n\n\n\n<p>Im Rahmen von UNARTIG stellte die Stiftung Berliner Leben das Programm Stadtraum!Plus vor und lud zu einer Diskussion und einem offenen Austausch \u00fcber die Potenziale von Bildung im baulichen Umfeld ein. Das Panel wurde von der Bundesstiftung Baukultur unterst\u00fctzt.<\/p>\n\n\n\n<figure class=\"wp-block-image size-large\"><img decoding=\"async\" width=\"960\" height=\"674\" loading=\"lazy\" src=\"https:\/\/urban-nation.com\/wp-content\/uploads\/2022\/06\/berlinARTcore-2661-2-960x674.jpg\" alt=\"UNARTIG Kunstfest im Quartier\" class=\"wp-image-565261\" srcset=\"https:\/\/urban-nation.com\/wp-content\/uploads\/2022\/06\/berlinARTcore-2661-2-960x674.jpg 960w, https:\/\/urban-nation.com\/wp-content\/uploads\/2022\/06\/berlinARTcore-2661-2-640x449.jpg 640w, https:\/\/urban-nation.com\/wp-content\/uploads\/2022\/06\/berlinARTcore-2661-2-768x539.jpg 768w, https:\/\/urban-nation.com\/wp-content\/uploads\/2022\/06\/berlinARTcore-2661-2-1536x1078.jpg 1536w, https:\/\/urban-nation.com\/wp-content\/uploads\/2022\/06\/berlinARTcore-2661-2-1440x1010.jpg 1440w, https:\/\/urban-nation.com\/wp-content\/uploads\/2022\/06\/berlinARTcore-2661-2.jpg 1920w\" sizes=\"auto, (max-width: 960px) 100vw, 960px\" \/><figcaption>STADTRAUM!PLUS Diskussion moderiert von Anne Schmedding (Stiftung Berliner Leben) \/ Foto: Nika Kramer<\/figcaption><\/figure>\n\n\n\n<h2 class=\"wp-block-heading\">INTERAKTIVE WORKSHOPS<\/h2>\n\n\n\n<p>Unter anderem wurde auch ein Berliner B\u00e4r von  ImedARt (URBAN NATION Production Office) in einem Workshop mit Kindern gestaltet. Es gab einen Schablonen- und Graffiti-Workshop mit den Graffiti-K\u00fcnstlern Marycula, ARGH79 und DEJOE, bei dem Kinder und Jugendliche die M\u00f6glichkeit hatten, den Umgang mit einer Spr\u00fchdose auszuprobieren, das Know-how \u00fcber Kappen und Freihandtechniken vom Entwurf bis zum Kunstwerk zu erlernen.<\/p>\n\n\n\n<p>Die Stiftung m\u00f6chte sich so durch Angebote f\u00fcr Jung und Alt und alle Bewohner*innen Berlins stark machen. Speziell durch durch das Programm Stadtraum!Plus und die Kooperationen mit der Komischen Oper, der Bundesstiftung Baukultur sowie vielen Grund- und weiterf\u00fchrenden Schulen und diversen weiteren Akteuren aus den Stadtteilen soll so zu einer Vermittlung von Kunst und Kultur beigetragen werden und f\u00fcr eine erh\u00f6hte Zahl an Angebote Sport und Freizeit gesorgt werden.<\/p>\n\n\n\t\t<section class=\"slider-section\" data-controls=\"true\" data-gallery=\"false\" data-lightbox=\"false\" data-download=\"false\" data-auto=\"true\">\n\t\t\t<ul id=\"module-gallery-slider-slider-block_62c6b41d1255a\" class=\"caption-slider\">\n\t\t\t\t\t\t\t\t\t<li class=\"slider-element\" data-thumb=\"https:\/\/urban-nation.com\/wp-content\/uploads\/2022\/06\/berlinARTcore-2629-2-250x250.jpg\"\n\t\t\t\t\t\tdata-src=\"https:\/\/urban-nation.com\/wp-content\/uploads\/2022\/06\/berlinARTcore-2629-2.jpg\">\n\t\t\t\t\t\t<div class=\"media-element\">\n\t\t\t\t\t\t\t<img loading=\"lazy\" decoding=\"async\" width=\"960\" height=\"674\" src=\"https:\/\/urban-nation.com\/wp-content\/uploads\/2022\/06\/berlinARTcore-2629-2-960x674.jpg\" class=\"gallery-slider-image\" alt=\"UNARTIG Kunstfest im Quartier\" srcset=\"https:\/\/urban-nation.com\/wp-content\/uploads\/2022\/06\/berlinARTcore-2629-2-960x674.jpg 960w, https:\/\/urban-nation.com\/wp-content\/uploads\/2022\/06\/berlinARTcore-2629-2-640x449.jpg 640w, https:\/\/urban-nation.com\/wp-content\/uploads\/2022\/06\/berlinARTcore-2629-2-768x539.jpg 768w, https:\/\/urban-nation.com\/wp-content\/uploads\/2022\/06\/berlinARTcore-2629-2-1536x1078.jpg 1536w, https:\/\/urban-nation.com\/wp-content\/uploads\/2022\/06\/berlinARTcore-2629-2-1440x1010.jpg 1440w, https:\/\/urban-nation.com\/wp-content\/uploads\/2022\/06\/berlinARTcore-2629-2.jpg 1920w\" sizes=\"auto, (max-width: 960px) 100vw, 960px\" \/>\t\t\t\t\t\t<\/div>\n\t\t\t\t\t\t<div class=\"slide-description\">\n\t\t\t\t\t\t\tImedART \/ photo: Sebastian Kl\u00e4bsch\t\t\t\t\t\t<\/div>\n\t\t\t\t\t<\/li>\n\t\t\t\t\t\t\t\t\t<li class=\"slider-element\" data-thumb=\"https:\/\/urban-nation.com\/wp-content\/uploads\/2022\/07\/NK-UNartig-220619-0174-2-copy-e1721740962158-250x250.jpg\"\n\t\t\t\t\t\tdata-src=\"https:\/\/urban-nation.com\/wp-content\/uploads\/2022\/07\/NK-UNartig-220619-0174-2-copy-e1721740962158.jpg\">\n\t\t\t\t\t\t<div class=\"media-element\">\n\t\t\t\t\t\t\t<img loading=\"lazy\" decoding=\"async\" width=\"960\" height=\"462\" src=\"https:\/\/urban-nation.com\/wp-content\/uploads\/2022\/07\/NK-UNartig-220619-0174-2-copy-e1721740962158-960x462.jpg\" class=\"gallery-slider-image\" alt=\"\" srcset=\"https:\/\/urban-nation.com\/wp-content\/uploads\/2022\/07\/NK-UNartig-220619-0174-2-copy-e1721740962158-960x462.jpg 960w, https:\/\/urban-nation.com\/wp-content\/uploads\/2022\/07\/NK-UNartig-220619-0174-2-copy-e1721740962158-640x308.jpg 640w, https:\/\/urban-nation.com\/wp-content\/uploads\/2022\/07\/NK-UNartig-220619-0174-2-copy-e1721740962158-768x370.jpg 768w, https:\/\/urban-nation.com\/wp-content\/uploads\/2022\/07\/NK-UNartig-220619-0174-2-copy-e1721740962158-1536x739.jpg 1536w, https:\/\/urban-nation.com\/wp-content\/uploads\/2022\/07\/NK-UNartig-220619-0174-2-copy-e1721740962158-1440x693.jpg 1440w, https:\/\/urban-nation.com\/wp-content\/uploads\/2022\/07\/NK-UNartig-220619-0174-2-copy-e1721740962158.jpg 1920w\" sizes=\"auto, (max-width: 960px) 100vw, 960px\" \/>\t\t\t\t\t\t<\/div>\n\t\t\t\t\t\t<div class=\"slide-description\">\n\t\t\t\t\t\t\tphoto: Nika Kramer\t\t\t\t\t\t<\/div>\n\t\t\t\t\t<\/li>\n\t\t\t\t\t\t\t\t\t<li class=\"slider-element\" data-thumb=\"https:\/\/urban-nation.com\/wp-content\/uploads\/2022\/07\/NK-UNartig-220619-0263-copy-250x250.jpg\"\n\t\t\t\t\t\tdata-src=\"https:\/\/urban-nation.com\/wp-content\/uploads\/2022\/07\/NK-UNartig-220619-0263-copy.jpg\">\n\t\t\t\t\t\t<div class=\"media-element\">\n\t\t\t\t\t\t\t<img loading=\"lazy\" decoding=\"async\" width=\"960\" height=\"674\" src=\"https:\/\/urban-nation.com\/wp-content\/uploads\/2022\/07\/NK-UNartig-220619-0263-copy-960x674.jpg\" class=\"gallery-slider-image\" alt=\"\" srcset=\"https:\/\/urban-nation.com\/wp-content\/uploads\/2022\/07\/NK-UNartig-220619-0263-copy-960x674.jpg 960w, https:\/\/urban-nation.com\/wp-content\/uploads\/2022\/07\/NK-UNartig-220619-0263-copy-640x449.jpg 640w, https:\/\/urban-nation.com\/wp-content\/uploads\/2022\/07\/NK-UNartig-220619-0263-copy-768x539.jpg 768w, https:\/\/urban-nation.com\/wp-content\/uploads\/2022\/07\/NK-UNartig-220619-0263-copy-1536x1078.jpg 1536w, https:\/\/urban-nation.com\/wp-content\/uploads\/2022\/07\/NK-UNartig-220619-0263-copy-1440x1010.jpg 1440w, https:\/\/urban-nation.com\/wp-content\/uploads\/2022\/07\/NK-UNartig-220619-0263-copy.jpg 1920w\" sizes=\"auto, (max-width: 960px) 100vw, 960px\" \/>\t\t\t\t\t\t<\/div>\n\t\t\t\t\t\t<div class=\"slide-description\">\n\t\t\t\t\t\t\tphoto: Nika Kramer\t\t\t\t\t\t<\/div>\n\t\t\t\t\t<\/li>\n\t\t\t\t\t\t\t\t\t<li class=\"slider-element\" data-thumb=\"https:\/\/urban-nation.com\/wp-content\/uploads\/2022\/07\/NK-UNartig-220619-0509-copy-250x250.jpg\"\n\t\t\t\t\t\tdata-src=\"https:\/\/urban-nation.com\/wp-content\/uploads\/2022\/07\/NK-UNartig-220619-0509-copy.jpg\">\n\t\t\t\t\t\t<div class=\"media-element\">\n\t\t\t\t\t\t\t<img loading=\"lazy\" decoding=\"async\" width=\"960\" height=\"674\" src=\"https:\/\/urban-nation.com\/wp-content\/uploads\/2022\/07\/NK-UNartig-220619-0509-copy-960x674.jpg\" class=\"gallery-slider-image\" alt=\"\" srcset=\"https:\/\/urban-nation.com\/wp-content\/uploads\/2022\/07\/NK-UNartig-220619-0509-copy-960x674.jpg 960w, https:\/\/urban-nation.com\/wp-content\/uploads\/2022\/07\/NK-UNartig-220619-0509-copy-640x449.jpg 640w, https:\/\/urban-nation.com\/wp-content\/uploads\/2022\/07\/NK-UNartig-220619-0509-copy-768x539.jpg 768w, https:\/\/urban-nation.com\/wp-content\/uploads\/2022\/07\/NK-UNartig-220619-0509-copy-1536x1078.jpg 1536w, https:\/\/urban-nation.com\/wp-content\/uploads\/2022\/07\/NK-UNartig-220619-0509-copy-1440x1010.jpg 1440w, https:\/\/urban-nation.com\/wp-content\/uploads\/2022\/07\/NK-UNartig-220619-0509-copy.jpg 1920w\" sizes=\"auto, (max-width: 960px) 100vw, 960px\" \/>\t\t\t\t\t\t<\/div>\n\t\t\t\t\t\t<div class=\"slide-description\">\n\t\t\t\t\t\t\tphoto: Nika Kramer\t\t\t\t\t\t<\/div>\n\t\t\t\t\t<\/li>\n\t\t\t\t\t\t\t\t\t<li class=\"slider-element\" data-thumb=\"https:\/\/urban-nation.com\/wp-content\/uploads\/2022\/07\/NK-UNartig-220619-0145-copy-250x250.jpg\"\n\t\t\t\t\t\tdata-src=\"https:\/\/urban-nation.com\/wp-content\/uploads\/2022\/07\/NK-UNartig-220619-0145-copy.jpg\">\n\t\t\t\t\t\t<div class=\"media-element\">\n\t\t\t\t\t\t\t<img loading=\"lazy\" decoding=\"async\" width=\"960\" height=\"674\" src=\"https:\/\/urban-nation.com\/wp-content\/uploads\/2022\/07\/NK-UNartig-220619-0145-copy-960x674.jpg\" class=\"gallery-slider-image\" alt=\"\" srcset=\"https:\/\/urban-nation.com\/wp-content\/uploads\/2022\/07\/NK-UNartig-220619-0145-copy-960x674.jpg 960w, https:\/\/urban-nation.com\/wp-content\/uploads\/2022\/07\/NK-UNartig-220619-0145-copy-640x449.jpg 640w, https:\/\/urban-nation.com\/wp-content\/uploads\/2022\/07\/NK-UNartig-220619-0145-copy-768x539.jpg 768w, https:\/\/urban-nation.com\/wp-content\/uploads\/2022\/07\/NK-UNartig-220619-0145-copy-1536x1078.jpg 1536w, https:\/\/urban-nation.com\/wp-content\/uploads\/2022\/07\/NK-UNartig-220619-0145-copy-1440x1010.jpg 1440w, https:\/\/urban-nation.com\/wp-content\/uploads\/2022\/07\/NK-UNartig-220619-0145-copy.jpg 1920w\" sizes=\"auto, (max-width: 960px) 100vw, 960px\" \/>\t\t\t\t\t\t<\/div>\n\t\t\t\t\t\t<div class=\"slide-description\">\n\t\t\t\t\t\t\tphoto: Nika Kramer\t\t\t\t\t\t<\/div>\n\t\t\t\t\t<\/li>\n\t\t\t\t\t\t\t\t\t<li class=\"slider-element\" data-thumb=\"https:\/\/urban-nation.com\/wp-content\/uploads\/2022\/07\/NK-UNartig-220619-0482-copy-250x250.jpg\"\n\t\t\t\t\t\tdata-src=\"https:\/\/urban-nation.com\/wp-content\/uploads\/2022\/07\/NK-UNartig-220619-0482-copy.jpg\">\n\t\t\t\t\t\t<div class=\"media-element\">\n\t\t\t\t\t\t\t<img loading=\"lazy\" decoding=\"async\" width=\"960\" height=\"674\" src=\"https:\/\/urban-nation.com\/wp-content\/uploads\/2022\/07\/NK-UNartig-220619-0482-copy-960x674.jpg\" class=\"gallery-slider-image\" alt=\"\" srcset=\"https:\/\/urban-nation.com\/wp-content\/uploads\/2022\/07\/NK-UNartig-220619-0482-copy-960x674.jpg 960w, https:\/\/urban-nation.com\/wp-content\/uploads\/2022\/07\/NK-UNartig-220619-0482-copy-640x449.jpg 640w, https:\/\/urban-nation.com\/wp-content\/uploads\/2022\/07\/NK-UNartig-220619-0482-copy-768x539.jpg 768w, https:\/\/urban-nation.com\/wp-content\/uploads\/2022\/07\/NK-UNartig-220619-0482-copy-1536x1078.jpg 1536w, https:\/\/urban-nation.com\/wp-content\/uploads\/2022\/07\/NK-UNartig-220619-0482-copy-1440x1010.jpg 1440w, https:\/\/urban-nation.com\/wp-content\/uploads\/2022\/07\/NK-UNartig-220619-0482-copy.jpg 1920w\" sizes=\"auto, (max-width: 960px) 100vw, 960px\" \/>\t\t\t\t\t\t<\/div>\n\t\t\t\t\t\t<div class=\"slide-description\">\n\t\t\t\t\t\t\tphoto: Nika Kramer\t\t\t\t\t\t<\/div>\n\t\t\t\t\t<\/li>\n\t\t\t\t\t\t\t\t\t<li class=\"slider-element\" data-thumb=\"https:\/\/urban-nation.com\/wp-content\/uploads\/2022\/06\/NK-UNartig-220618-0004-copy-1-250x250.jpg\"\n\t\t\t\t\t\tdata-src=\"https:\/\/urban-nation.com\/wp-content\/uploads\/2022\/06\/NK-UNartig-220618-0004-copy-1.jpg\">\n\t\t\t\t\t\t<div class=\"media-element\">\n\t\t\t\t\t\t\t<img loading=\"lazy\" decoding=\"async\" width=\"960\" height=\"640\" src=\"https:\/\/urban-nation.com\/wp-content\/uploads\/2022\/06\/NK-UNartig-220618-0004-copy-1-960x640.jpg\" class=\"gallery-slider-image\" alt=\"UNARTIG Kunstfest im Quartier\" srcset=\"https:\/\/urban-nation.com\/wp-content\/uploads\/2022\/06\/NK-UNartig-220618-0004-copy-1-960x640.jpg 960w, https:\/\/urban-nation.com\/wp-content\/uploads\/2022\/06\/NK-UNartig-220618-0004-copy-1-640x427.jpg 640w, https:\/\/urban-nation.com\/wp-content\/uploads\/2022\/06\/NK-UNartig-220618-0004-copy-1-768x512.jpg 768w, https:\/\/urban-nation.com\/wp-content\/uploads\/2022\/06\/NK-UNartig-220618-0004-copy-1-1536x1024.jpg 1536w, https:\/\/urban-nation.com\/wp-content\/uploads\/2022\/06\/NK-UNartig-220618-0004-copy-1-1440x960.jpg 1440w, https:\/\/urban-nation.com\/wp-content\/uploads\/2022\/06\/NK-UNartig-220618-0004-copy-1.jpg 2021w\" sizes=\"auto, (max-width: 960px) 100vw, 960px\" \/>\t\t\t\t\t\t<\/div>\n\t\t\t\t\t\t<div class=\"slide-description\">\n\t\t\t\t\t\t\tphoto: Nika Kramer\t\t\t\t\t\t<\/div>\n\t\t\t\t\t<\/li>\n\t\t\t\t\t\t\t\t\t<li class=\"slider-element\" data-thumb=\"https:\/\/urban-nation.com\/wp-content\/uploads\/2022\/07\/NK-UNartig-220619-0351-copy-250x250.jpg\"\n\t\t\t\t\t\tdata-src=\"https:\/\/urban-nation.com\/wp-content\/uploads\/2022\/07\/NK-UNartig-220619-0351-copy.jpg\">\n\t\t\t\t\t\t<div class=\"media-element\">\n\t\t\t\t\t\t\t<img loading=\"lazy\" decoding=\"async\" width=\"960\" height=\"674\" src=\"https:\/\/urban-nation.com\/wp-content\/uploads\/2022\/07\/NK-UNartig-220619-0351-copy-960x674.jpg\" class=\"gallery-slider-image\" alt=\"\" srcset=\"https:\/\/urban-nation.com\/wp-content\/uploads\/2022\/07\/NK-UNartig-220619-0351-copy-960x674.jpg 960w, https:\/\/urban-nation.com\/wp-content\/uploads\/2022\/07\/NK-UNartig-220619-0351-copy-640x449.jpg 640w, https:\/\/urban-nation.com\/wp-content\/uploads\/2022\/07\/NK-UNartig-220619-0351-copy-768x539.jpg 768w, https:\/\/urban-nation.com\/wp-content\/uploads\/2022\/07\/NK-UNartig-220619-0351-copy-1536x1078.jpg 1536w, https:\/\/urban-nation.com\/wp-content\/uploads\/2022\/07\/NK-UNartig-220619-0351-copy-1440x1010.jpg 1440w, https:\/\/urban-nation.com\/wp-content\/uploads\/2022\/07\/NK-UNartig-220619-0351-copy.jpg 1920w\" sizes=\"auto, (max-width: 960px) 100vw, 960px\" \/>\t\t\t\t\t\t<\/div>\n\t\t\t\t\t\t<div class=\"slide-description\">\n\t\t\t\t\t\t\tFoto: Nika Kramer\t\t\t\t\t\t<\/div>\n\t\t\t\t\t<\/li>\n\t\t\t\t\t\t\t<\/ul>\n\t\t<\/section>\n\t\n\n\n<h2 class=\"wp-block-heading\">FLOATING MURALS<\/h2>\n\n\n\n<p>Die&nbsp;<a href=\"https:\/\/www.stiftung-berliner-leben.de\/\">STIFTUNG BERLINER LEBEN<\/a>, Veranstalter und Initiator des Programms&nbsp;<a href=\"https:\/\/www.stiftung-berliner-leben.de\/projekte\/stadtraumplus\/\">Stadtraum!Plus<\/a>&nbsp;und des URBAN NATION Museums, verkn\u00fcpft soziale und k\u00fcnstlerische Projekte f\u00fcr Berliner Wohnquartiere mit Streetart und zeitgen\u00f6ssischer Kunst. Hier sehen sie die Floating Murals der K\u00fcnstler*innen.<\/p>\n\n\n\t\t<section class=\"slider-section\" data-controls=\"true\" data-gallery=\"false\" data-lightbox=\"false\" data-download=\"false\" data-auto=\"true\">\n\t\t\t<ul id=\"module-gallery-slider-slider-block_62b2cecff65ef\" class=\"caption-slider\">\n\t\t\t\t\t\t\t\t\t<li class=\"slider-element\" data-thumb=\"https:\/\/urban-nation.com\/wp-content\/uploads\/2022\/06\/berlinARTcore-1524-2-250x250.jpg\"\n\t\t\t\t\t\tdata-src=\"https:\/\/urban-nation.com\/wp-content\/uploads\/2022\/06\/berlinARTcore-1524-2.jpg\">\n\t\t\t\t\t\t<div class=\"media-element\">\n\t\t\t\t\t\t\t<img loading=\"lazy\" decoding=\"async\" width=\"960\" height=\"674\" src=\"https:\/\/urban-nation.com\/wp-content\/uploads\/2022\/06\/berlinARTcore-1524-2-960x674.jpg\" class=\"gallery-slider-image\" alt=\"UNARTIG Kunstfest im Quartier\" srcset=\"https:\/\/urban-nation.com\/wp-content\/uploads\/2022\/06\/berlinARTcore-1524-2-960x674.jpg 960w, https:\/\/urban-nation.com\/wp-content\/uploads\/2022\/06\/berlinARTcore-1524-2-640x449.jpg 640w, https:\/\/urban-nation.com\/wp-content\/uploads\/2022\/06\/berlinARTcore-1524-2-768x539.jpg 768w, https:\/\/urban-nation.com\/wp-content\/uploads\/2022\/06\/berlinARTcore-1524-2-1536x1078.jpg 1536w, https:\/\/urban-nation.com\/wp-content\/uploads\/2022\/06\/berlinARTcore-1524-2-1440x1010.jpg 1440w, https:\/\/urban-nation.com\/wp-content\/uploads\/2022\/06\/berlinARTcore-1524-2.jpg 1920w\" sizes=\"auto, (max-width: 960px) 100vw, 960px\" \/>\t\t\t\t\t\t<\/div>\n\t\t\t\t\t\t<div class=\"slide-description\">\n\t\t\t\t\t\t\tH\u00fclpman \/ photo: Sebastian Kl\u00e4bsch\t\t\t\t\t\t<\/div>\n\t\t\t\t\t<\/li>\n\t\t\t\t\t\t\t\t\t<li class=\"slider-element\" data-thumb=\"https:\/\/urban-nation.com\/wp-content\/uploads\/2022\/06\/berlinARTcore-2055-2-250x250.jpg\"\n\t\t\t\t\t\tdata-src=\"https:\/\/urban-nation.com\/wp-content\/uploads\/2022\/06\/berlinARTcore-2055-2.jpg\">\n\t\t\t\t\t\t<div class=\"media-element\">\n\t\t\t\t\t\t\t<img loading=\"lazy\" decoding=\"async\" width=\"960\" height=\"674\" src=\"https:\/\/urban-nation.com\/wp-content\/uploads\/2022\/06\/berlinARTcore-2055-2-960x674.jpg\" class=\"gallery-slider-image\" alt=\"\" srcset=\"https:\/\/urban-nation.com\/wp-content\/uploads\/2022\/06\/berlinARTcore-2055-2-960x674.jpg 960w, https:\/\/urban-nation.com\/wp-content\/uploads\/2022\/06\/berlinARTcore-2055-2-640x449.jpg 640w, https:\/\/urban-nation.com\/wp-content\/uploads\/2022\/06\/berlinARTcore-2055-2-768x539.jpg 768w, https:\/\/urban-nation.com\/wp-content\/uploads\/2022\/06\/berlinARTcore-2055-2-1536x1078.jpg 1536w, https:\/\/urban-nation.com\/wp-content\/uploads\/2022\/06\/berlinARTcore-2055-2-1440x1010.jpg 1440w, https:\/\/urban-nation.com\/wp-content\/uploads\/2022\/06\/berlinARTcore-2055-2.jpg 1920w\" sizes=\"auto, (max-width: 960px) 100vw, 960px\" \/>\t\t\t\t\t\t<\/div>\n\t\t\t\t\t\t<div class=\"slide-description\">\n\t\t\t\t\t\t\tVikunia \/ photo: Sebastian Kl\u00e4bsch\t\t\t\t\t\t<\/div>\n\t\t\t\t\t<\/li>\n\t\t\t\t\t\t\t\t\t<li class=\"slider-element\" data-thumb=\"https:\/\/urban-nation.com\/wp-content\/uploads\/2022\/06\/berlinARTcore-2054-2-250x250.jpg\"\n\t\t\t\t\t\tdata-src=\"https:\/\/urban-nation.com\/wp-content\/uploads\/2022\/06\/berlinARTcore-2054-2.jpg\">\n\t\t\t\t\t\t<div class=\"media-element\">\n\t\t\t\t\t\t\t<img loading=\"lazy\" decoding=\"async\" width=\"960\" height=\"674\" src=\"https:\/\/urban-nation.com\/wp-content\/uploads\/2022\/06\/berlinARTcore-2054-2-960x674.jpg\" class=\"gallery-slider-image\" alt=\"UNARTIG Kunstfest im Quartier\" srcset=\"https:\/\/urban-nation.com\/wp-content\/uploads\/2022\/06\/berlinARTcore-2054-2-960x674.jpg 960w, https:\/\/urban-nation.com\/wp-content\/uploads\/2022\/06\/berlinARTcore-2054-2-640x449.jpg 640w, https:\/\/urban-nation.com\/wp-content\/uploads\/2022\/06\/berlinARTcore-2054-2-768x539.jpg 768w, https:\/\/urban-nation.com\/wp-content\/uploads\/2022\/06\/berlinARTcore-2054-2-1536x1078.jpg 1536w, https:\/\/urban-nation.com\/wp-content\/uploads\/2022\/06\/berlinARTcore-2054-2-1440x1010.jpg 1440w, https:\/\/urban-nation.com\/wp-content\/uploads\/2022\/06\/berlinARTcore-2054-2.jpg 1920w\" sizes=\"auto, (max-width: 960px) 100vw, 960px\" \/>\t\t\t\t\t\t<\/div>\n\t\t\t\t\t\t<div class=\"slide-description\">\n\t\t\t\t\t\t\tphoto: Sebastian Kl\u00e4bsch\t\t\t\t\t\t<\/div>\n\t\t\t\t\t<\/li>\n\t\t\t\t\t\t\t\t\t<li class=\"slider-element\" data-thumb=\"https:\/\/urban-nation.com\/wp-content\/uploads\/2022\/06\/berlinARTcore-2057-2-250x250.jpg\"\n\t\t\t\t\t\tdata-src=\"https:\/\/urban-nation.com\/wp-content\/uploads\/2022\/06\/berlinARTcore-2057-2.jpg\">\n\t\t\t\t\t\t<div class=\"media-element\">\n\t\t\t\t\t\t\t<img loading=\"lazy\" decoding=\"async\" width=\"960\" height=\"674\" src=\"https:\/\/urban-nation.com\/wp-content\/uploads\/2022\/06\/berlinARTcore-2057-2-960x674.jpg\" class=\"gallery-slider-image\" alt=\"\" srcset=\"https:\/\/urban-nation.com\/wp-content\/uploads\/2022\/06\/berlinARTcore-2057-2-960x674.jpg 960w, https:\/\/urban-nation.com\/wp-content\/uploads\/2022\/06\/berlinARTcore-2057-2-640x449.jpg 640w, https:\/\/urban-nation.com\/wp-content\/uploads\/2022\/06\/berlinARTcore-2057-2-768x539.jpg 768w, https:\/\/urban-nation.com\/wp-content\/uploads\/2022\/06\/berlinARTcore-2057-2-1536x1078.jpg 1536w, https:\/\/urban-nation.com\/wp-content\/uploads\/2022\/06\/berlinARTcore-2057-2-1440x1010.jpg 1440w, https:\/\/urban-nation.com\/wp-content\/uploads\/2022\/06\/berlinARTcore-2057-2.jpg 1920w\" sizes=\"auto, (max-width: 960px) 100vw, 960px\" \/>\t\t\t\t\t\t<\/div>\n\t\t\t\t\t\t<div class=\"slide-description\">\n\t\t\t\t\t\t\t Ju Mu, Krashkid \/ photo: Sebastian Kl\u00e4bsch\t\t\t\t\t\t<\/div>\n\t\t\t\t\t<\/li>\n\t\t\t\t\t\t\t\t\t<li class=\"slider-element\" data-thumb=\"https:\/\/urban-nation.com\/wp-content\/uploads\/2022\/06\/berlinARTcore-2049-2-250x250.jpg\"\n\t\t\t\t\t\tdata-src=\"https:\/\/urban-nation.com\/wp-content\/uploads\/2022\/06\/berlinARTcore-2049-2.jpg\">\n\t\t\t\t\t\t<div class=\"media-element\">\n\t\t\t\t\t\t\t<img loading=\"lazy\" decoding=\"async\" width=\"960\" height=\"674\" src=\"https:\/\/urban-nation.com\/wp-content\/uploads\/2022\/06\/berlinARTcore-2049-2-960x674.jpg\" class=\"gallery-slider-image\" alt=\"\" srcset=\"https:\/\/urban-nation.com\/wp-content\/uploads\/2022\/06\/berlinARTcore-2049-2-960x674.jpg 960w, https:\/\/urban-nation.com\/wp-content\/uploads\/2022\/06\/berlinARTcore-2049-2-640x449.jpg 640w, https:\/\/urban-nation.com\/wp-content\/uploads\/2022\/06\/berlinARTcore-2049-2-768x539.jpg 768w, https:\/\/urban-nation.com\/wp-content\/uploads\/2022\/06\/berlinARTcore-2049-2-1536x1078.jpg 1536w, https:\/\/urban-nation.com\/wp-content\/uploads\/2022\/06\/berlinARTcore-2049-2-1440x1010.jpg 1440w, https:\/\/urban-nation.com\/wp-content\/uploads\/2022\/06\/berlinARTcore-2049-2.jpg 1920w\" sizes=\"auto, (max-width: 960px) 100vw, 960px\" \/>\t\t\t\t\t\t<\/div>\n\t\t\t\t\t\t<div class=\"slide-description\">\n\t\t\t\t\t\t\tDrew.LabOne \/ photo: Sebastian Kl\u00e4bsch\t\t\t\t\t\t<\/div>\n\t\t\t\t\t<\/li>\n\t\t\t\t\t\t\t\t\t<li class=\"slider-element\" data-thumb=\"https:\/\/urban-nation.com\/wp-content\/uploads\/2022\/06\/berlinARTcore-2052-2-250x250.jpg\"\n\t\t\t\t\t\tdata-src=\"https:\/\/urban-nation.com\/wp-content\/uploads\/2022\/06\/berlinARTcore-2052-2.jpg\">\n\t\t\t\t\t\t<div class=\"media-element\">\n\t\t\t\t\t\t\t<img loading=\"lazy\" decoding=\"async\" width=\"960\" height=\"674\" src=\"https:\/\/urban-nation.com\/wp-content\/uploads\/2022\/06\/berlinARTcore-2052-2-960x674.jpg\" class=\"gallery-slider-image\" alt=\"\" srcset=\"https:\/\/urban-nation.com\/wp-content\/uploads\/2022\/06\/berlinARTcore-2052-2-960x674.jpg 960w, https:\/\/urban-nation.com\/wp-content\/uploads\/2022\/06\/berlinARTcore-2052-2-640x449.jpg 640w, https:\/\/urban-nation.com\/wp-content\/uploads\/2022\/06\/berlinARTcore-2052-2-768x539.jpg 768w, https:\/\/urban-nation.com\/wp-content\/uploads\/2022\/06\/berlinARTcore-2052-2-1536x1078.jpg 1536w, https:\/\/urban-nation.com\/wp-content\/uploads\/2022\/06\/berlinARTcore-2052-2-1440x1010.jpg 1440w, https:\/\/urban-nation.com\/wp-content\/uploads\/2022\/06\/berlinARTcore-2052-2.jpg 1920w\" sizes=\"auto, (max-width: 960px) 100vw, 960px\" \/>\t\t\t\t\t\t<\/div>\n\t\t\t\t\t\t<div class=\"slide-description\">\n\t\t\t\t\t\t\tClaire Chaulet \/ photo: Sebastian Kl\u00e4bsch\t\t\t\t\t\t<\/div>\n\t\t\t\t\t<\/li>\n\t\t\t\t\t\t\t\t\t<li class=\"slider-element\" data-thumb=\"https:\/\/urban-nation.com\/wp-content\/uploads\/2022\/06\/berlinARTcore-2058-2-250x250.jpg\"\n\t\t\t\t\t\tdata-src=\"https:\/\/urban-nation.com\/wp-content\/uploads\/2022\/06\/berlinARTcore-2058-2.jpg\">\n\t\t\t\t\t\t<div class=\"media-element\">\n\t\t\t\t\t\t\t<img loading=\"lazy\" decoding=\"async\" width=\"960\" height=\"674\" src=\"https:\/\/urban-nation.com\/wp-content\/uploads\/2022\/06\/berlinARTcore-2058-2-960x674.jpg\" class=\"gallery-slider-image\" alt=\"UNARTIG Kunstfest im Quartier\" srcset=\"https:\/\/urban-nation.com\/wp-content\/uploads\/2022\/06\/berlinARTcore-2058-2-960x674.jpg 960w, https:\/\/urban-nation.com\/wp-content\/uploads\/2022\/06\/berlinARTcore-2058-2-640x449.jpg 640w, https:\/\/urban-nation.com\/wp-content\/uploads\/2022\/06\/berlinARTcore-2058-2-768x539.jpg 768w, https:\/\/urban-nation.com\/wp-content\/uploads\/2022\/06\/berlinARTcore-2058-2-1536x1078.jpg 1536w, https:\/\/urban-nation.com\/wp-content\/uploads\/2022\/06\/berlinARTcore-2058-2-1440x1010.jpg 1440w, https:\/\/urban-nation.com\/wp-content\/uploads\/2022\/06\/berlinARTcore-2058-2.jpg 1920w\" sizes=\"auto, (max-width: 960px) 100vw, 960px\" \/>\t\t\t\t\t\t<\/div>\n\t\t\t\t\t\t<div class=\"slide-description\">\n\t\t\t\t\t\t\tVera Kochubey \/ photo: Sebastian Kl\u00e4bsch\t\t\t\t\t\t<\/div>\n\t\t\t\t\t<\/li>\n\t\t\t\t\t\t\t\t\t<li class=\"slider-element\" data-thumb=\"https:\/\/urban-nation.com\/wp-content\/uploads\/2022\/06\/berlinARTcore-2061-2-250x250.jpg\"\n\t\t\t\t\t\tdata-src=\"https:\/\/urban-nation.com\/wp-content\/uploads\/2022\/06\/berlinARTcore-2061-2.jpg\">\n\t\t\t\t\t\t<div class=\"media-element\">\n\t\t\t\t\t\t\t<img loading=\"lazy\" decoding=\"async\" width=\"960\" height=\"674\" src=\"https:\/\/urban-nation.com\/wp-content\/uploads\/2022\/06\/berlinARTcore-2061-2-960x674.jpg\" class=\"gallery-slider-image\" alt=\"UNARTIG Kunstfest im Quartier\" srcset=\"https:\/\/urban-nation.com\/wp-content\/uploads\/2022\/06\/berlinARTcore-2061-2-960x674.jpg 960w, https:\/\/urban-nation.com\/wp-content\/uploads\/2022\/06\/berlinARTcore-2061-2-640x449.jpg 640w, https:\/\/urban-nation.com\/wp-content\/uploads\/2022\/06\/berlinARTcore-2061-2-768x539.jpg 768w, https:\/\/urban-nation.com\/wp-content\/uploads\/2022\/06\/berlinARTcore-2061-2-1536x1078.jpg 1536w, https:\/\/urban-nation.com\/wp-content\/uploads\/2022\/06\/berlinARTcore-2061-2-1440x1010.jpg 1440w, https:\/\/urban-nation.com\/wp-content\/uploads\/2022\/06\/berlinARTcore-2061-2.jpg 1920w\" sizes=\"auto, (max-width: 960px) 100vw, 960px\" \/>\t\t\t\t\t\t<\/div>\n\t\t\t\t\t\t<div class=\"slide-description\">\n\t\t\t\t\t\t\tNasca one \/ photo: Sebastian Kl\u00e4bsch\t\t\t\t\t\t<\/div>\n\t\t\t\t\t<\/li>\n\t\t\t\t\t\t\t\t\t<li class=\"slider-element\" data-thumb=\"https:\/\/urban-nation.com\/wp-content\/uploads\/2022\/06\/berlinARTcore-2105-2-250x250.jpg\"\n\t\t\t\t\t\tdata-src=\"https:\/\/urban-nation.com\/wp-content\/uploads\/2022\/06\/berlinARTcore-2105-2.jpg\">\n\t\t\t\t\t\t<div class=\"media-element\">\n\t\t\t\t\t\t\t<img loading=\"lazy\" decoding=\"async\" width=\"960\" height=\"674\" src=\"https:\/\/urban-nation.com\/wp-content\/uploads\/2022\/06\/berlinARTcore-2105-2-960x674.jpg\" class=\"gallery-slider-image\" alt=\"UNARTIG Kunstfest im Quartier\" srcset=\"https:\/\/urban-nation.com\/wp-content\/uploads\/2022\/06\/berlinARTcore-2105-2-960x674.jpg 960w, https:\/\/urban-nation.com\/wp-content\/uploads\/2022\/06\/berlinARTcore-2105-2-640x449.jpg 640w, https:\/\/urban-nation.com\/wp-content\/uploads\/2022\/06\/berlinARTcore-2105-2-768x539.jpg 768w, https:\/\/urban-nation.com\/wp-content\/uploads\/2022\/06\/berlinARTcore-2105-2-1536x1078.jpg 1536w, https:\/\/urban-nation.com\/wp-content\/uploads\/2022\/06\/berlinARTcore-2105-2-1440x1010.jpg 1440w, https:\/\/urban-nation.com\/wp-content\/uploads\/2022\/06\/berlinARTcore-2105-2.jpg 1920w\" sizes=\"auto, (max-width: 960px) 100vw, 960px\" \/>\t\t\t\t\t\t<\/div>\n\t\t\t\t\t\t<div class=\"slide-description\">\n\t\t\t\t\t\t\tCaptain Borderline \/ photo: Sebastian Kl\u00e4bsch\t\t\t\t\t\t<\/div>\n\t\t\t\t\t<\/li>\n\t\t\t\t\t\t\t\t\t<li class=\"slider-element\" data-thumb=\"https:\/\/urban-nation.com\/wp-content\/uploads\/2022\/06\/berlinARTcore-2064-2-250x250.jpg\"\n\t\t\t\t\t\tdata-src=\"https:\/\/urban-nation.com\/wp-content\/uploads\/2022\/06\/berlinARTcore-2064-2.jpg\">\n\t\t\t\t\t\t<div class=\"media-element\">\n\t\t\t\t\t\t\t<img loading=\"lazy\" decoding=\"async\" width=\"960\" height=\"674\" src=\"https:\/\/urban-nation.com\/wp-content\/uploads\/2022\/06\/berlinARTcore-2064-2-960x674.jpg\" class=\"gallery-slider-image\" alt=\"Floating Murals UNARTIG Kunstfest im Quartier\" srcset=\"https:\/\/urban-nation.com\/wp-content\/uploads\/2022\/06\/berlinARTcore-2064-2-960x674.jpg 960w, https:\/\/urban-nation.com\/wp-content\/uploads\/2022\/06\/berlinARTcore-2064-2-640x449.jpg 640w, https:\/\/urban-nation.com\/wp-content\/uploads\/2022\/06\/berlinARTcore-2064-2-768x539.jpg 768w, https:\/\/urban-nation.com\/wp-content\/uploads\/2022\/06\/berlinARTcore-2064-2-1536x1078.jpg 1536w, https:\/\/urban-nation.com\/wp-content\/uploads\/2022\/06\/berlinARTcore-2064-2-1440x1010.jpg 1440w, https:\/\/urban-nation.com\/wp-content\/uploads\/2022\/06\/berlinARTcore-2064-2.jpg 1920w\" sizes=\"auto, (max-width: 960px) 100vw, 960px\" \/>\t\t\t\t\t\t<\/div>\n\t\t\t\t\t\t<div class=\"slide-description\">\n\t\t\t\t\t\t\tBoa_One \/ photo: Sebastian Kl\u00e4bsch\t\t\t\t\t\t<\/div>\n\t\t\t\t\t<\/li>\n\t\t\t\t\t\t\t\t\t<li class=\"slider-element\" data-thumb=\"https:\/\/urban-nation.com\/wp-content\/uploads\/2022\/06\/berlinARTcore-2104-2-250x250.jpg\"\n\t\t\t\t\t\tdata-src=\"https:\/\/urban-nation.com\/wp-content\/uploads\/2022\/06\/berlinARTcore-2104-2.jpg\">\n\t\t\t\t\t\t<div class=\"media-element\">\n\t\t\t\t\t\t\t<img loading=\"lazy\" decoding=\"async\" width=\"960\" height=\"674\" src=\"https:\/\/urban-nation.com\/wp-content\/uploads\/2022\/06\/berlinARTcore-2104-2-960x674.jpg\" class=\"gallery-slider-image\" alt=\"Floating Murals UNARTIG Kunstfest im Quartier\" srcset=\"https:\/\/urban-nation.com\/wp-content\/uploads\/2022\/06\/berlinARTcore-2104-2-960x674.jpg 960w, https:\/\/urban-nation.com\/wp-content\/uploads\/2022\/06\/berlinARTcore-2104-2-640x449.jpg 640w, https:\/\/urban-nation.com\/wp-content\/uploads\/2022\/06\/berlinARTcore-2104-2-768x539.jpg 768w, https:\/\/urban-nation.com\/wp-content\/uploads\/2022\/06\/berlinARTcore-2104-2-1536x1078.jpg 1536w, https:\/\/urban-nation.com\/wp-content\/uploads\/2022\/06\/berlinARTcore-2104-2-1440x1010.jpg 1440w, https:\/\/urban-nation.com\/wp-content\/uploads\/2022\/06\/berlinARTcore-2104-2.jpg 1920w\" sizes=\"auto, (max-width: 960px) 100vw, 960px\" \/>\t\t\t\t\t\t<\/div>\n\t\t\t\t\t\t<div class=\"slide-description\">\n\t\t\t\t\t\t\tPaul punk \/ photo: Sebastian Kl\u00e4bsch\t\t\t\t\t\t<\/div>\n\t\t\t\t\t<\/li>\n\t\t\t\t\t\t\t\t\t<li class=\"slider-element\" data-thumb=\"https:\/\/urban-nation.com\/wp-content\/uploads\/2022\/06\/berlinARTcore-2097-2-250x250.jpg\"\n\t\t\t\t\t\tdata-src=\"https:\/\/urban-nation.com\/wp-content\/uploads\/2022\/06\/berlinARTcore-2097-2.jpg\">\n\t\t\t\t\t\t<div class=\"media-element\">\n\t\t\t\t\t\t\t<img loading=\"lazy\" decoding=\"async\" width=\"960\" height=\"674\" src=\"https:\/\/urban-nation.com\/wp-content\/uploads\/2022\/06\/berlinARTcore-2097-2-960x674.jpg\" class=\"gallery-slider-image\" alt=\"Floating Murals UNARTIG Kunstfest im Quartier\" srcset=\"https:\/\/urban-nation.com\/wp-content\/uploads\/2022\/06\/berlinARTcore-2097-2-960x674.jpg 960w, https:\/\/urban-nation.com\/wp-content\/uploads\/2022\/06\/berlinARTcore-2097-2-640x449.jpg 640w, https:\/\/urban-nation.com\/wp-content\/uploads\/2022\/06\/berlinARTcore-2097-2-768x539.jpg 768w, https:\/\/urban-nation.com\/wp-content\/uploads\/2022\/06\/berlinARTcore-2097-2-1536x1078.jpg 1536w, https:\/\/urban-nation.com\/wp-content\/uploads\/2022\/06\/berlinARTcore-2097-2-1440x1010.jpg 1440w, https:\/\/urban-nation.com\/wp-content\/uploads\/2022\/06\/berlinARTcore-2097-2.jpg 1920w\" sizes=\"auto, (max-width: 960px) 100vw, 960px\" \/>\t\t\t\t\t\t<\/div>\n\t\t\t\t\t\t<div class=\"slide-description\">\n\t\t\t\t\t\t\tCathrine Lupis Thomas \/ photo: Sebastian Kl\u00e4bsch\t\t\t\t\t\t<\/div>\n\t\t\t\t\t<\/li>\n\t\t\t\t\t\t\t\t\t<li class=\"slider-element\" data-thumb=\"https:\/\/urban-nation.com\/wp-content\/uploads\/2022\/06\/berlinARTcore-2045-2-250x250.jpg\"\n\t\t\t\t\t\tdata-src=\"https:\/\/urban-nation.com\/wp-content\/uploads\/2022\/06\/berlinARTcore-2045-2.jpg\">\n\t\t\t\t\t\t<div class=\"media-element\">\n\t\t\t\t\t\t\t<img loading=\"lazy\" decoding=\"async\" width=\"960\" height=\"674\" src=\"https:\/\/urban-nation.com\/wp-content\/uploads\/2022\/06\/berlinARTcore-2045-2-960x674.jpg\" class=\"gallery-slider-image\" alt=\"\" srcset=\"https:\/\/urban-nation.com\/wp-content\/uploads\/2022\/06\/berlinARTcore-2045-2-960x674.jpg 960w, https:\/\/urban-nation.com\/wp-content\/uploads\/2022\/06\/berlinARTcore-2045-2-640x449.jpg 640w, https:\/\/urban-nation.com\/wp-content\/uploads\/2022\/06\/berlinARTcore-2045-2-768x539.jpg 768w, https:\/\/urban-nation.com\/wp-content\/uploads\/2022\/06\/berlinARTcore-2045-2-1536x1078.jpg 1536w, https:\/\/urban-nation.com\/wp-content\/uploads\/2022\/06\/berlinARTcore-2045-2-1440x1010.jpg 1440w, https:\/\/urban-nation.com\/wp-content\/uploads\/2022\/06\/berlinARTcore-2045-2.jpg 1920w\" sizes=\"auto, (max-width: 960px) 100vw, 960px\" \/>\t\t\t\t\t\t<\/div>\n\t\t\t\t\t\t<div class=\"slide-description\">\n\t\t\t\t\t\t\tLeiti \/ photo: Sebastian Kl\u00e4bsch\t\t\t\t\t\t<\/div>\n\t\t\t\t\t<\/li>\n\t\t\t\t\t\t\t\t\t<li class=\"slider-element\" data-thumb=\"https:\/\/urban-nation.com\/wp-content\/uploads\/2022\/06\/berlinARTcore-2068-2-250x250.jpg\"\n\t\t\t\t\t\tdata-src=\"https:\/\/urban-nation.com\/wp-content\/uploads\/2022\/06\/berlinARTcore-2068-2.jpg\">\n\t\t\t\t\t\t<div class=\"media-element\">\n\t\t\t\t\t\t\t<img loading=\"lazy\" decoding=\"async\" width=\"960\" height=\"674\" src=\"https:\/\/urban-nation.com\/wp-content\/uploads\/2022\/06\/berlinARTcore-2068-2-960x674.jpg\" class=\"gallery-slider-image\" alt=\"Floating Murals UNARTIG Kunstfest im Quartier\" srcset=\"https:\/\/urban-nation.com\/wp-content\/uploads\/2022\/06\/berlinARTcore-2068-2-960x674.jpg 960w, https:\/\/urban-nation.com\/wp-content\/uploads\/2022\/06\/berlinARTcore-2068-2-640x449.jpg 640w, https:\/\/urban-nation.com\/wp-content\/uploads\/2022\/06\/berlinARTcore-2068-2-768x539.jpg 768w, https:\/\/urban-nation.com\/wp-content\/uploads\/2022\/06\/berlinARTcore-2068-2-1536x1078.jpg 1536w, https:\/\/urban-nation.com\/wp-content\/uploads\/2022\/06\/berlinARTcore-2068-2-1440x1010.jpg 1440w, https:\/\/urban-nation.com\/wp-content\/uploads\/2022\/06\/berlinARTcore-2068-2.jpg 1920w\" sizes=\"auto, (max-width: 960px) 100vw, 960px\" \/>\t\t\t\t\t\t<\/div>\n\t\t\t\t\t\t<div class=\"slide-description\">\n\t\t\t\t\t\t\tMots \/ photo: Sebastian Kl\u00e4bsch\t\t\t\t\t\t<\/div>\n\t\t\t\t\t<\/li>\n\t\t\t\t\t\t\t\t\t<li class=\"slider-element\" data-thumb=\"https:\/\/urban-nation.com\/wp-content\/uploads\/2022\/06\/berlinARTcore-2107-2-250x250.jpg\"\n\t\t\t\t\t\tdata-src=\"https:\/\/urban-nation.com\/wp-content\/uploads\/2022\/06\/berlinARTcore-2107-2.jpg\">\n\t\t\t\t\t\t<div class=\"media-element\">\n\t\t\t\t\t\t\t<img loading=\"lazy\" decoding=\"async\" width=\"960\" height=\"674\" src=\"https:\/\/urban-nation.com\/wp-content\/uploads\/2022\/06\/berlinARTcore-2107-2-960x674.jpg\" class=\"gallery-slider-image\" alt=\"Floating Murals UNARTIG Kunstfest im Quartier\" srcset=\"https:\/\/urban-nation.com\/wp-content\/uploads\/2022\/06\/berlinARTcore-2107-2-960x674.jpg 960w, https:\/\/urban-nation.com\/wp-content\/uploads\/2022\/06\/berlinARTcore-2107-2-640x449.jpg 640w, https:\/\/urban-nation.com\/wp-content\/uploads\/2022\/06\/berlinARTcore-2107-2-768x539.jpg 768w, https:\/\/urban-nation.com\/wp-content\/uploads\/2022\/06\/berlinARTcore-2107-2-1536x1078.jpg 1536w, https:\/\/urban-nation.com\/wp-content\/uploads\/2022\/06\/berlinARTcore-2107-2-1440x1010.jpg 1440w, https:\/\/urban-nation.com\/wp-content\/uploads\/2022\/06\/berlinARTcore-2107-2.jpg 1920w\" sizes=\"auto, (max-width: 960px) 100vw, 960px\" \/>\t\t\t\t\t\t<\/div>\n\t\t\t\t\t\t<div class=\"slide-description\">\n\t\t\t\t\t\t\tLAPIZ \/ photo: Sebastian Kl\u00e4bsch\t\t\t\t\t\t<\/div>\n\t\t\t\t\t<\/li>\n\t\t\t\t\t\t\t<\/ul>\n\t\t<\/section>\n\t\n\n\n<h2 class=\"wp-block-heading\">URBAN ART F\u00dcHRUNGEN<\/h2>\n\n\n\n<p>Ein besonderes Highlight ist eine eigens zum Ausstellungsauftakt gestaltete <a href=\"https:\/\/urban-nation.com\/de\/2022\/07\/one-wall-von-paradox\/\">ONE WALL vom K\u00fcnstler PARADOX,<\/a> das auf der B\u00fclowstra\u00dfe entstand und sich auf das ausgestellte Werk im Innenraum des Museums bezieht. Es reiht sich ein in eine Vielzahl in der Nachbarschaft entstandener Mural Projekte, die bei gef\u00fchrten Touren besichtigt und erkl\u00e4rt werden konnten. Dabei wurden sowohl Techniken, Entstehungsgeschichte wie auch die K\u00fcnstler hinter den Werken thematisiert. Die Touren fanden auf Deutsch und Englisch statt.<\/p>\n\n\n\t\t<section class=\"slider-section\" data-controls=\"true\" data-gallery=\"false\" data-lightbox=\"false\" data-download=\"false\" data-auto=\"true\">\n\t\t\t<ul id=\"module-gallery-slider-slider-block_62bef716e8747\" class=\"caption-slider\">\n\t\t\t\t\t\t\t\t\t<li class=\"slider-element\" data-thumb=\"https:\/\/urban-nation.com\/wp-content\/uploads\/2022\/07\/NK-UNartig-220618-0152-copy-250x250.jpg\"\n\t\t\t\t\t\tdata-src=\"https:\/\/urban-nation.com\/wp-content\/uploads\/2022\/07\/NK-UNartig-220618-0152-copy.jpg\">\n\t\t\t\t\t\t<div class=\"media-element\">\n\t\t\t\t\t\t\t<img loading=\"lazy\" decoding=\"async\" width=\"960\" height=\"674\" src=\"https:\/\/urban-nation.com\/wp-content\/uploads\/2022\/07\/NK-UNartig-220618-0152-copy-960x674.jpg\" class=\"gallery-slider-image\" alt=\"\" srcset=\"https:\/\/urban-nation.com\/wp-content\/uploads\/2022\/07\/NK-UNartig-220618-0152-copy-960x674.jpg 960w, https:\/\/urban-nation.com\/wp-content\/uploads\/2022\/07\/NK-UNartig-220618-0152-copy-640x449.jpg 640w, https:\/\/urban-nation.com\/wp-content\/uploads\/2022\/07\/NK-UNartig-220618-0152-copy-768x539.jpg 768w, https:\/\/urban-nation.com\/wp-content\/uploads\/2022\/07\/NK-UNartig-220618-0152-copy-1536x1078.jpg 1536w, https:\/\/urban-nation.com\/wp-content\/uploads\/2022\/07\/NK-UNartig-220618-0152-copy-1440x1010.jpg 1440w, https:\/\/urban-nation.com\/wp-content\/uploads\/2022\/07\/NK-UNartig-220618-0152-copy.jpg 1920w\" sizes=\"auto, (max-width: 960px) 100vw, 960px\" \/>\t\t\t\t\t\t<\/div>\n\t\t\t\t\t\t<div class=\"slide-description\">\n\t\t\t\t\t\t\tFoto: Nika Kramer\t\t\t\t\t\t<\/div>\n\t\t\t\t\t<\/li>\n\t\t\t\t\t\t\t\t\t<li class=\"slider-element\" data-thumb=\"https:\/\/urban-nation.com\/wp-content\/uploads\/2022\/07\/NK-UNartig-220618-0174-copy-250x250.jpg\"\n\t\t\t\t\t\tdata-src=\"https:\/\/urban-nation.com\/wp-content\/uploads\/2022\/07\/NK-UNartig-220618-0174-copy.jpg\">\n\t\t\t\t\t\t<div class=\"media-element\">\n\t\t\t\t\t\t\t<img loading=\"lazy\" decoding=\"async\" width=\"960\" height=\"674\" src=\"https:\/\/urban-nation.com\/wp-content\/uploads\/2022\/07\/NK-UNartig-220618-0174-copy-960x674.jpg\" class=\"gallery-slider-image\" alt=\"\" srcset=\"https:\/\/urban-nation.com\/wp-content\/uploads\/2022\/07\/NK-UNartig-220618-0174-copy-960x674.jpg 960w, https:\/\/urban-nation.com\/wp-content\/uploads\/2022\/07\/NK-UNartig-220618-0174-copy-640x449.jpg 640w, https:\/\/urban-nation.com\/wp-content\/uploads\/2022\/07\/NK-UNartig-220618-0174-copy-768x539.jpg 768w, https:\/\/urban-nation.com\/wp-content\/uploads\/2022\/07\/NK-UNartig-220618-0174-copy-1536x1078.jpg 1536w, https:\/\/urban-nation.com\/wp-content\/uploads\/2022\/07\/NK-UNartig-220618-0174-copy-1440x1010.jpg 1440w, https:\/\/urban-nation.com\/wp-content\/uploads\/2022\/07\/NK-UNartig-220618-0174-copy.jpg 1920w\" sizes=\"auto, (max-width: 960px) 100vw, 960px\" \/>\t\t\t\t\t\t<\/div>\n\t\t\t\t\t\t<div class=\"slide-description\">\n\t\t\t\t\t\t\tFoto: Nika Kramer\t\t\t\t\t\t<\/div>\n\t\t\t\t\t<\/li>\n\t\t\t\t\t\t\t\t\t<li class=\"slider-element\" data-thumb=\"https:\/\/urban-nation.com\/wp-content\/uploads\/2022\/07\/NK-UNartig-220618-0187-copy-250x250.jpg\"\n\t\t\t\t\t\tdata-src=\"https:\/\/urban-nation.com\/wp-content\/uploads\/2022\/07\/NK-UNartig-220618-0187-copy.jpg\">\n\t\t\t\t\t\t<div class=\"media-element\">\n\t\t\t\t\t\t\t<img loading=\"lazy\" decoding=\"async\" width=\"960\" height=\"674\" src=\"https:\/\/urban-nation.com\/wp-content\/uploads\/2022\/07\/NK-UNartig-220618-0187-copy-960x674.jpg\" class=\"gallery-slider-image\" alt=\"\" srcset=\"https:\/\/urban-nation.com\/wp-content\/uploads\/2022\/07\/NK-UNartig-220618-0187-copy-960x674.jpg 960w, https:\/\/urban-nation.com\/wp-content\/uploads\/2022\/07\/NK-UNartig-220618-0187-copy-640x449.jpg 640w, https:\/\/urban-nation.com\/wp-content\/uploads\/2022\/07\/NK-UNartig-220618-0187-copy-768x539.jpg 768w, https:\/\/urban-nation.com\/wp-content\/uploads\/2022\/07\/NK-UNartig-220618-0187-copy-1536x1078.jpg 1536w, https:\/\/urban-nation.com\/wp-content\/uploads\/2022\/07\/NK-UNartig-220618-0187-copy-1440x1010.jpg 1440w, https:\/\/urban-nation.com\/wp-content\/uploads\/2022\/07\/NK-UNartig-220618-0187-copy.jpg 1920w\" sizes=\"auto, (max-width: 960px) 100vw, 960px\" \/>\t\t\t\t\t\t<\/div>\n\t\t\t\t\t\t<div class=\"slide-description\">\n\t\t\t\t\t\t\tFoto: Nika Kramer\t\t\t\t\t\t<\/div>\n\t\t\t\t\t<\/li>\n\t\t\t\t\t\t\t\t\t<li class=\"slider-element\" data-thumb=\"https:\/\/urban-nation.com\/wp-content\/uploads\/2022\/07\/NK-UNartig-220618-0211-copy-250x250.jpg\"\n\t\t\t\t\t\tdata-src=\"https:\/\/urban-nation.com\/wp-content\/uploads\/2022\/07\/NK-UNartig-220618-0211-copy.jpg\">\n\t\t\t\t\t\t<div class=\"media-element\">\n\t\t\t\t\t\t\t<img loading=\"lazy\" decoding=\"async\" width=\"960\" height=\"674\" src=\"https:\/\/urban-nation.com\/wp-content\/uploads\/2022\/07\/NK-UNartig-220618-0211-copy-960x674.jpg\" class=\"gallery-slider-image\" alt=\"\" srcset=\"https:\/\/urban-nation.com\/wp-content\/uploads\/2022\/07\/NK-UNartig-220618-0211-copy-960x674.jpg 960w, https:\/\/urban-nation.com\/wp-content\/uploads\/2022\/07\/NK-UNartig-220618-0211-copy-640x449.jpg 640w, https:\/\/urban-nation.com\/wp-content\/uploads\/2022\/07\/NK-UNartig-220618-0211-copy-768x539.jpg 768w, https:\/\/urban-nation.com\/wp-content\/uploads\/2022\/07\/NK-UNartig-220618-0211-copy-1536x1078.jpg 1536w, https:\/\/urban-nation.com\/wp-content\/uploads\/2022\/07\/NK-UNartig-220618-0211-copy-1440x1010.jpg 1440w, https:\/\/urban-nation.com\/wp-content\/uploads\/2022\/07\/NK-UNartig-220618-0211-copy.jpg 1920w\" sizes=\"auto, (max-width: 960px) 100vw, 960px\" \/>\t\t\t\t\t\t<\/div>\n\t\t\t\t\t\t<div class=\"slide-description\">\n\t\t\t\t\t\t\tFoto: Nika Kramer\t\t\t\t\t\t<\/div>\n\t\t\t\t\t<\/li>\n\t\t\t\t\t\t\t\t\t<li class=\"slider-element\" data-thumb=\"https:\/\/urban-nation.com\/wp-content\/uploads\/2022\/07\/NK-UNartig-220618-0217-copy-250x250.jpg\"\n\t\t\t\t\t\tdata-src=\"https:\/\/urban-nation.com\/wp-content\/uploads\/2022\/07\/NK-UNartig-220618-0217-copy.jpg\">\n\t\t\t\t\t\t<div class=\"media-element\">\n\t\t\t\t\t\t\t<img loading=\"lazy\" decoding=\"async\" width=\"960\" height=\"674\" src=\"https:\/\/urban-nation.com\/wp-content\/uploads\/2022\/07\/NK-UNartig-220618-0217-copy-960x674.jpg\" class=\"gallery-slider-image\" alt=\"\" srcset=\"https:\/\/urban-nation.com\/wp-content\/uploads\/2022\/07\/NK-UNartig-220618-0217-copy-960x674.jpg 960w, https:\/\/urban-nation.com\/wp-content\/uploads\/2022\/07\/NK-UNartig-220618-0217-copy-640x449.jpg 640w, https:\/\/urban-nation.com\/wp-content\/uploads\/2022\/07\/NK-UNartig-220618-0217-copy-768x539.jpg 768w, https:\/\/urban-nation.com\/wp-content\/uploads\/2022\/07\/NK-UNartig-220618-0217-copy-1536x1078.jpg 1536w, https:\/\/urban-nation.com\/wp-content\/uploads\/2022\/07\/NK-UNartig-220618-0217-copy-1440x1010.jpg 1440w, https:\/\/urban-nation.com\/wp-content\/uploads\/2022\/07\/NK-UNartig-220618-0217-copy.jpg 1920w\" sizes=\"auto, (max-width: 960px) 100vw, 960px\" \/>\t\t\t\t\t\t<\/div>\n\t\t\t\t\t\t<div class=\"slide-description\">\n\t\t\t\t\t\t\tFoto: Nika Kramer\t\t\t\t\t\t<\/div>\n\t\t\t\t\t<\/li>\n\t\t\t\t\t\t\t\t\t<li class=\"slider-element\" data-thumb=\"https:\/\/urban-nation.com\/wp-content\/uploads\/2022\/07\/NK-Paradox-220614-0070-copy1-250x250.jpg\"\n\t\t\t\t\t\tdata-src=\"https:\/\/urban-nation.com\/wp-content\/uploads\/2022\/07\/NK-Paradox-220614-0070-copy1.jpg\">\n\t\t\t\t\t\t<div class=\"media-element\">\n\t\t\t\t\t\t\t<img loading=\"lazy\" decoding=\"async\" width=\"960\" height=\"674\" src=\"https:\/\/urban-nation.com\/wp-content\/uploads\/2022\/07\/NK-Paradox-220614-0070-copy1-960x674.jpg\" class=\"gallery-slider-image\" alt=\"\" srcset=\"https:\/\/urban-nation.com\/wp-content\/uploads\/2022\/07\/NK-Paradox-220614-0070-copy1-960x674.jpg 960w, https:\/\/urban-nation.com\/wp-content\/uploads\/2022\/07\/NK-Paradox-220614-0070-copy1-640x449.jpg 640w, https:\/\/urban-nation.com\/wp-content\/uploads\/2022\/07\/NK-Paradox-220614-0070-copy1-768x539.jpg 768w, https:\/\/urban-nation.com\/wp-content\/uploads\/2022\/07\/NK-Paradox-220614-0070-copy1-1536x1078.jpg 1536w, https:\/\/urban-nation.com\/wp-content\/uploads\/2022\/07\/NK-Paradox-220614-0070-copy1-1440x1010.jpg 1440w, https:\/\/urban-nation.com\/wp-content\/uploads\/2022\/07\/NK-Paradox-220614-0070-copy1.jpg 1920w\" sizes=\"auto, (max-width: 960px) 100vw, 960px\" \/>\t\t\t\t\t\t<\/div>\n\t\t\t\t\t\t<div class=\"slide-description\">\n\t\t\t\t\t\t\tFoto: Nika Kramer\t\t\t\t\t\t<\/div>\n\t\t\t\t\t<\/li>\n\t\t\t\t\t\t\t\t\t<li class=\"slider-element\" data-thumb=\"https:\/\/urban-nation.com\/wp-content\/uploads\/2022\/07\/NK-UNartig-220618-0225-copy-250x250.jpg\"\n\t\t\t\t\t\tdata-src=\"https:\/\/urban-nation.com\/wp-content\/uploads\/2022\/07\/NK-UNartig-220618-0225-copy.jpg\">\n\t\t\t\t\t\t<div class=\"media-element\">\n\t\t\t\t\t\t\t<img loading=\"lazy\" decoding=\"async\" width=\"960\" height=\"674\" src=\"https:\/\/urban-nation.com\/wp-content\/uploads\/2022\/07\/NK-UNartig-220618-0225-copy-960x674.jpg\" class=\"gallery-slider-image\" alt=\"\" srcset=\"https:\/\/urban-nation.com\/wp-content\/uploads\/2022\/07\/NK-UNartig-220618-0225-copy-960x674.jpg 960w, https:\/\/urban-nation.com\/wp-content\/uploads\/2022\/07\/NK-UNartig-220618-0225-copy-640x449.jpg 640w, https:\/\/urban-nation.com\/wp-content\/uploads\/2022\/07\/NK-UNartig-220618-0225-copy-768x539.jpg 768w, https:\/\/urban-nation.com\/wp-content\/uploads\/2022\/07\/NK-UNartig-220618-0225-copy-1536x1078.jpg 1536w, https:\/\/urban-nation.com\/wp-content\/uploads\/2022\/07\/NK-UNartig-220618-0225-copy-1440x1010.jpg 1440w, https:\/\/urban-nation.com\/wp-content\/uploads\/2022\/07\/NK-UNartig-220618-0225-copy.jpg 1920w\" sizes=\"auto, (max-width: 960px) 100vw, 960px\" \/>\t\t\t\t\t\t<\/div>\n\t\t\t\t\t\t<div class=\"slide-description\">\n\t\t\t\t\t\t\tFoto: Nika Kramer\t\t\t\t\t\t<\/div>\n\t\t\t\t\t<\/li>\n\t\t\t\t\t\t\t\t\t<li class=\"slider-element\" data-thumb=\"https:\/\/urban-nation.com\/wp-content\/uploads\/2022\/07\/NK-UNartig-220618-0236-copy-250x250.jpg\"\n\t\t\t\t\t\tdata-src=\"https:\/\/urban-nation.com\/wp-content\/uploads\/2022\/07\/NK-UNartig-220618-0236-copy.jpg\">\n\t\t\t\t\t\t<div class=\"media-element\">\n\t\t\t\t\t\t\t<img loading=\"lazy\" decoding=\"async\" width=\"960\" height=\"674\" src=\"https:\/\/urban-nation.com\/wp-content\/uploads\/2022\/07\/NK-UNartig-220618-0236-copy-960x674.jpg\" class=\"gallery-slider-image\" alt=\"\" srcset=\"https:\/\/urban-nation.com\/wp-content\/uploads\/2022\/07\/NK-UNartig-220618-0236-copy-960x674.jpg 960w, https:\/\/urban-nation.com\/wp-content\/uploads\/2022\/07\/NK-UNartig-220618-0236-copy-640x449.jpg 640w, https:\/\/urban-nation.com\/wp-content\/uploads\/2022\/07\/NK-UNartig-220618-0236-copy-768x539.jpg 768w, https:\/\/urban-nation.com\/wp-content\/uploads\/2022\/07\/NK-UNartig-220618-0236-copy-1536x1078.jpg 1536w, https:\/\/urban-nation.com\/wp-content\/uploads\/2022\/07\/NK-UNartig-220618-0236-copy-1440x1010.jpg 1440w, https:\/\/urban-nation.com\/wp-content\/uploads\/2022\/07\/NK-UNartig-220618-0236-copy.jpg 1920w\" sizes=\"auto, (max-width: 960px) 100vw, 960px\" \/>\t\t\t\t\t\t<\/div>\n\t\t\t\t\t\t<div class=\"slide-description\">\n\t\t\t\t\t\t\tFoto: Nika Kramer\t\t\t\t\t\t<\/div>\n\t\t\t\t\t<\/li>\n\t\t\t\t\t\t\t<\/ul>\n\t\t<\/section>\n\t\n\n\n<p>F\u00fcr das breit gef\u00e4cherte Spektrum an Angeboten und die hohe Besucherzahl m\u00f6chten wir uns insbesondere bei unseren Kooperationspartnern bedanken, die innerhalb weniger Monate erheblich dazu beigetragen haben, dass &#8222;UNARTIG &#8211; Kunstfest im Quartier&#8220; und &#8222;Talking&#8230; &amp; Other Banana Skins&#8220; [Die T\u00fccken der Kommunikation] \u00fcberhaupt m\u00f6glich geworden sind. <\/p>\n\n\n\n<h2 class=\"wp-block-heading\">NEUE MUSEUMS FASSADE VON BROKEN FINGAZ<\/h2>\n\n\n\n<p>Insbesondere die Unterst\u00fctzung durch die <a href=\"https:\/\/www.gewobag.de\/\">Gewobag<\/a> und die Israelische Botschaft f\u00fcr die <a href=\"https:\/\/urban-nation.com\/de\/2022\/07\/neue-museumsfassade-von-broken-fingaz\/\">Fassadengestaltung durch Broken Fingaz<\/a> aus Israel seien an dieser Stelle nochmals hervorgehoben.<\/p>\n\n\n\n<figure class=\"wp-block-image size-large\"><img decoding=\"async\" width=\"960\" height=\"640\" loading=\"lazy\" src=\"https:\/\/urban-nation.com\/wp-content\/uploads\/2022\/06\/NK-UNartig-220617-0386-copy-960x640.jpg\" alt=\"\" class=\"wp-image-565110\" srcset=\"https:\/\/urban-nation.com\/wp-content\/uploads\/2022\/06\/NK-UNartig-220617-0386-copy-960x640.jpg 960w, https:\/\/urban-nation.com\/wp-content\/uploads\/2022\/06\/NK-UNartig-220617-0386-copy-640x427.jpg 640w, https:\/\/urban-nation.com\/wp-content\/uploads\/2022\/06\/NK-UNartig-220617-0386-copy-768x512.jpg 768w, https:\/\/urban-nation.com\/wp-content\/uploads\/2022\/06\/NK-UNartig-220617-0386-copy-1536x1024.jpg 1536w, https:\/\/urban-nation.com\/wp-content\/uploads\/2022\/06\/NK-UNartig-220617-0386-copy-2048x1365.jpg 2048w, https:\/\/urban-nation.com\/wp-content\/uploads\/2022\/06\/NK-UNartig-220617-0386-copy-1440x960.jpg 1440w\" sizes=\"auto, (max-width: 960px) 100vw, 960px\" \/><figcaption>BROKEN FINGAZ Print \/ Foto: Nika Kramer<\/figcaption><\/figure>\n\n\n\n<h2 class=\"wp-block-heading\">DIE AUSSTELLUNG<\/h2>\n\n\n\n<p>Endlich \u00f6ffneten sich die T\u00fcren f\u00fcr &#8222;TALKING\u2026 &amp; OTHER BANANA SKINS&#8220; und jeder konnte die Ausstellungsr\u00e4ume betreten. Zur Er\u00f6ffnung gibt es einen neuen Audioguide und die <a href=\"https:\/\/shop.urban-nation.com\/\">Produkte im Museumsshop<\/a> wurde aktualisiert.<\/p>\n\n\n\n<p>Der Eintritt im URBAN NATION Museum ist kostenlos &#8211; f\u00fcr eine <a href=\"https:\/\/urban-nation.com\/de\/ueber-uns\/dein-support\/\" target=\"_blank\" rel=\"noreferrer noopener\">Unterst\u00fctzung durch Spenden<\/a> ist die Stiftung jedoch jederzeit dankbar. Durch eine Spende k\u00f6nnen sie dazu beitragen, dass die Projekte der Stiftung Berliner weiterhin f\u00fcr alle Menschen in Berlin zug\u00e4nglich sind.<\/p>\n\n\n\t\t<section class=\"slider-section\" data-controls=\"true\" data-gallery=\"false\" data-lightbox=\"false\" data-download=\"false\" data-auto=\"true\">\n\t\t\t<ul id=\"module-gallery-slider-slider-block_62c6b6301255c\" class=\"caption-slider\">\n\t\t\t\t\t\t\t\t\t<li class=\"slider-element\" data-thumb=\"https:\/\/urban-nation.com\/wp-content\/uploads\/2022\/07\/berlinARTcore-2386-2-250x250.jpg\"\n\t\t\t\t\t\tdata-src=\"https:\/\/urban-nation.com\/wp-content\/uploads\/2022\/07\/berlinARTcore-2386-2.jpg\">\n\t\t\t\t\t\t<div class=\"media-element\">\n\t\t\t\t\t\t\t<img loading=\"lazy\" decoding=\"async\" width=\"960\" height=\"674\" src=\"https:\/\/urban-nation.com\/wp-content\/uploads\/2022\/07\/berlinARTcore-2386-2-960x674.jpg\" class=\"gallery-slider-image\" alt=\"\" srcset=\"https:\/\/urban-nation.com\/wp-content\/uploads\/2022\/07\/berlinARTcore-2386-2-960x674.jpg 960w, https:\/\/urban-nation.com\/wp-content\/uploads\/2022\/07\/berlinARTcore-2386-2-640x449.jpg 640w, https:\/\/urban-nation.com\/wp-content\/uploads\/2022\/07\/berlinARTcore-2386-2-768x539.jpg 768w, https:\/\/urban-nation.com\/wp-content\/uploads\/2022\/07\/berlinARTcore-2386-2-1536x1078.jpg 1536w, https:\/\/urban-nation.com\/wp-content\/uploads\/2022\/07\/berlinARTcore-2386-2-1440x1010.jpg 1440w, https:\/\/urban-nation.com\/wp-content\/uploads\/2022\/07\/berlinARTcore-2386-2.jpg 1920w\" sizes=\"auto, (max-width: 960px) 100vw, 960px\" \/>\t\t\t\t\t\t<\/div>\n\t\t\t\t\t\t<div class=\"slide-description\">\n\t\t\t\t\t\t\tphoto: Sebastian Kl\u00e4bsch\t\t\t\t\t\t<\/div>\n\t\t\t\t\t<\/li>\n\t\t\t\t\t\t\t\t\t<li class=\"slider-element\" data-thumb=\"https:\/\/urban-nation.com\/wp-content\/uploads\/2022\/06\/NK-UNartig-220618-0377-copy-250x250.jpg\"\n\t\t\t\t\t\tdata-src=\"https:\/\/urban-nation.com\/wp-content\/uploads\/2022\/06\/NK-UNartig-220618-0377-copy.jpg\">\n\t\t\t\t\t\t<div class=\"media-element\">\n\t\t\t\t\t\t\t<img loading=\"lazy\" decoding=\"async\" width=\"960\" height=\"674\" src=\"https:\/\/urban-nation.com\/wp-content\/uploads\/2022\/06\/NK-UNartig-220618-0377-copy-960x674.jpg\" class=\"gallery-slider-image\" alt=\"\" srcset=\"https:\/\/urban-nation.com\/wp-content\/uploads\/2022\/06\/NK-UNartig-220618-0377-copy-960x674.jpg 960w, https:\/\/urban-nation.com\/wp-content\/uploads\/2022\/06\/NK-UNartig-220618-0377-copy-640x449.jpg 640w, https:\/\/urban-nation.com\/wp-content\/uploads\/2022\/06\/NK-UNartig-220618-0377-copy-768x539.jpg 768w, https:\/\/urban-nation.com\/wp-content\/uploads\/2022\/06\/NK-UNartig-220618-0377-copy-1536x1078.jpg 1536w, https:\/\/urban-nation.com\/wp-content\/uploads\/2022\/06\/NK-UNartig-220618-0377-copy-1440x1010.jpg 1440w, https:\/\/urban-nation.com\/wp-content\/uploads\/2022\/06\/NK-UNartig-220618-0377-copy.jpg 1920w\" sizes=\"auto, (max-width: 960px) 100vw, 960px\" \/>\t\t\t\t\t\t<\/div>\n\t\t\t\t\t\t<div class=\"slide-description\">\n\t\t\t\t\t\t\tphoto: Nika Kramer\t\t\t\t\t\t<\/div>\n\t\t\t\t\t<\/li>\n\t\t\t\t\t\t\t\t\t<li class=\"slider-element\" data-thumb=\"https:\/\/urban-nation.com\/wp-content\/uploads\/2022\/07\/berlinARTcore-2393-2-250x250.jpg\"\n\t\t\t\t\t\tdata-src=\"https:\/\/urban-nation.com\/wp-content\/uploads\/2022\/07\/berlinARTcore-2393-2.jpg\">\n\t\t\t\t\t\t<div class=\"media-element\">\n\t\t\t\t\t\t\t<img loading=\"lazy\" decoding=\"async\" width=\"960\" height=\"674\" src=\"https:\/\/urban-nation.com\/wp-content\/uploads\/2022\/07\/berlinARTcore-2393-2-960x674.jpg\" class=\"gallery-slider-image\" alt=\"\" srcset=\"https:\/\/urban-nation.com\/wp-content\/uploads\/2022\/07\/berlinARTcore-2393-2-960x674.jpg 960w, https:\/\/urban-nation.com\/wp-content\/uploads\/2022\/07\/berlinARTcore-2393-2-640x449.jpg 640w, https:\/\/urban-nation.com\/wp-content\/uploads\/2022\/07\/berlinARTcore-2393-2-768x539.jpg 768w, https:\/\/urban-nation.com\/wp-content\/uploads\/2022\/07\/berlinARTcore-2393-2-1536x1078.jpg 1536w, https:\/\/urban-nation.com\/wp-content\/uploads\/2022\/07\/berlinARTcore-2393-2-1440x1010.jpg 1440w, https:\/\/urban-nation.com\/wp-content\/uploads\/2022\/07\/berlinARTcore-2393-2.jpg 1920w\" sizes=\"auto, (max-width: 960px) 100vw, 960px\" \/>\t\t\t\t\t\t<\/div>\n\t\t\t\t\t\t<div class=\"slide-description\">\n\t\t\t\t\t\t\tphoto: Sebastian Kl\u00e4bsch\t\t\t\t\t\t<\/div>\n\t\t\t\t\t<\/li>\n\t\t\t\t\t\t\t\t\t<li class=\"slider-element\" data-thumb=\"https:\/\/urban-nation.com\/wp-content\/uploads\/2022\/06\/NK-UNartig-220617-0489-copy-1-250x250.jpg\"\n\t\t\t\t\t\tdata-src=\"https:\/\/urban-nation.com\/wp-content\/uploads\/2022\/06\/NK-UNartig-220617-0489-copy-1.jpg\">\n\t\t\t\t\t\t<div class=\"media-element\">\n\t\t\t\t\t\t\t<img loading=\"lazy\" decoding=\"async\" width=\"960\" height=\"674\" src=\"https:\/\/urban-nation.com\/wp-content\/uploads\/2022\/06\/NK-UNartig-220617-0489-copy-1-960x674.jpg\" class=\"gallery-slider-image\" alt=\"\" srcset=\"https:\/\/urban-nation.com\/wp-content\/uploads\/2022\/06\/NK-UNartig-220617-0489-copy-1-960x674.jpg 960w, https:\/\/urban-nation.com\/wp-content\/uploads\/2022\/06\/NK-UNartig-220617-0489-copy-1-640x449.jpg 640w, https:\/\/urban-nation.com\/wp-content\/uploads\/2022\/06\/NK-UNartig-220617-0489-copy-1-768x539.jpg 768w, https:\/\/urban-nation.com\/wp-content\/uploads\/2022\/06\/NK-UNartig-220617-0489-copy-1-1536x1078.jpg 1536w, https:\/\/urban-nation.com\/wp-content\/uploads\/2022\/06\/NK-UNartig-220617-0489-copy-1-1440x1010.jpg 1440w, https:\/\/urban-nation.com\/wp-content\/uploads\/2022\/06\/NK-UNartig-220617-0489-copy-1.jpg 1920w\" sizes=\"auto, (max-width: 960px) 100vw, 960px\" \/>\t\t\t\t\t\t<\/div>\n\t\t\t\t\t\t<div class=\"slide-description\">\n\t\t\t\t\t\t\tphoto: Nika Kramer\t\t\t\t\t\t<\/div>\n\t\t\t\t\t<\/li>\n\t\t\t\t\t\t\t\t\t<li class=\"slider-element\" data-thumb=\"https:\/\/urban-nation.com\/wp-content\/uploads\/2022\/06\/NK-UNartig-220618-0352-copy-250x250.jpg\"\n\t\t\t\t\t\tdata-src=\"https:\/\/urban-nation.com\/wp-content\/uploads\/2022\/06\/NK-UNartig-220618-0352-copy.jpg\">\n\t\t\t\t\t\t<div class=\"media-element\">\n\t\t\t\t\t\t\t<img loading=\"lazy\" decoding=\"async\" width=\"960\" height=\"674\" src=\"https:\/\/urban-nation.com\/wp-content\/uploads\/2022\/06\/NK-UNartig-220618-0352-copy-960x674.jpg\" class=\"gallery-slider-image\" alt=\"\" srcset=\"https:\/\/urban-nation.com\/wp-content\/uploads\/2022\/06\/NK-UNartig-220618-0352-copy-960x674.jpg 960w, https:\/\/urban-nation.com\/wp-content\/uploads\/2022\/06\/NK-UNartig-220618-0352-copy-640x449.jpg 640w, https:\/\/urban-nation.com\/wp-content\/uploads\/2022\/06\/NK-UNartig-220618-0352-copy-768x539.jpg 768w, https:\/\/urban-nation.com\/wp-content\/uploads\/2022\/06\/NK-UNartig-220618-0352-copy-1536x1078.jpg 1536w, https:\/\/urban-nation.com\/wp-content\/uploads\/2022\/06\/NK-UNartig-220618-0352-copy-1440x1010.jpg 1440w, https:\/\/urban-nation.com\/wp-content\/uploads\/2022\/06\/NK-UNartig-220618-0352-copy.jpg 1920w\" sizes=\"auto, (max-width: 960px) 100vw, 960px\" \/>\t\t\t\t\t\t<\/div>\n\t\t\t\t\t\t<div class=\"slide-description\">\n\t\t\t\t\t\t\tphoto: Nika Kramer\t\t\t\t\t\t<\/div>\n\t\t\t\t\t<\/li>\n\t\t\t\t\t\t\t\t\t<li class=\"slider-element\" data-thumb=\"https:\/\/urban-nation.com\/wp-content\/uploads\/2022\/07\/berlinARTcore-2476-2-250x250.jpg\"\n\t\t\t\t\t\tdata-src=\"https:\/\/urban-nation.com\/wp-content\/uploads\/2022\/07\/berlinARTcore-2476-2.jpg\">\n\t\t\t\t\t\t<div class=\"media-element\">\n\t\t\t\t\t\t\t<img loading=\"lazy\" decoding=\"async\" width=\"960\" height=\"674\" src=\"https:\/\/urban-nation.com\/wp-content\/uploads\/2022\/07\/berlinARTcore-2476-2-960x674.jpg\" class=\"gallery-slider-image\" alt=\"\" srcset=\"https:\/\/urban-nation.com\/wp-content\/uploads\/2022\/07\/berlinARTcore-2476-2-960x674.jpg 960w, https:\/\/urban-nation.com\/wp-content\/uploads\/2022\/07\/berlinARTcore-2476-2-640x449.jpg 640w, https:\/\/urban-nation.com\/wp-content\/uploads\/2022\/07\/berlinARTcore-2476-2-768x539.jpg 768w, https:\/\/urban-nation.com\/wp-content\/uploads\/2022\/07\/berlinARTcore-2476-2-1536x1078.jpg 1536w, https:\/\/urban-nation.com\/wp-content\/uploads\/2022\/07\/berlinARTcore-2476-2-1440x1010.jpg 1440w, https:\/\/urban-nation.com\/wp-content\/uploads\/2022\/07\/berlinARTcore-2476-2.jpg 1920w\" sizes=\"auto, (max-width: 960px) 100vw, 960px\" \/>\t\t\t\t\t\t<\/div>\n\t\t\t\t\t\t<div class=\"slide-description\">\n\t\t\t\t\t\t\tphoto: Sebastian Kl\u00e4bsch\t\t\t\t\t\t<\/div>\n\t\t\t\t\t<\/li>\n\t\t\t\t\t\t\t\t\t<li class=\"slider-element\" data-thumb=\"https:\/\/urban-nation.com\/wp-content\/uploads\/2022\/06\/NK-UNartig-220617-0255-copy-250x250.jpg\"\n\t\t\t\t\t\tdata-src=\"https:\/\/urban-nation.com\/wp-content\/uploads\/2022\/06\/NK-UNartig-220617-0255-copy.jpg\">\n\t\t\t\t\t\t<div class=\"media-element\">\n\t\t\t\t\t\t\t<img loading=\"lazy\" decoding=\"async\" width=\"960\" height=\"674\" src=\"https:\/\/urban-nation.com\/wp-content\/uploads\/2022\/06\/NK-UNartig-220617-0255-copy-960x674.jpg\" class=\"gallery-slider-image\" alt=\"\" srcset=\"https:\/\/urban-nation.com\/wp-content\/uploads\/2022\/06\/NK-UNartig-220617-0255-copy-960x674.jpg 960w, https:\/\/urban-nation.com\/wp-content\/uploads\/2022\/06\/NK-UNartig-220617-0255-copy-640x449.jpg 640w, https:\/\/urban-nation.com\/wp-content\/uploads\/2022\/06\/NK-UNartig-220617-0255-copy-768x539.jpg 768w, https:\/\/urban-nation.com\/wp-content\/uploads\/2022\/06\/NK-UNartig-220617-0255-copy-1536x1078.jpg 1536w, https:\/\/urban-nation.com\/wp-content\/uploads\/2022\/06\/NK-UNartig-220617-0255-copy-1440x1010.jpg 1440w, https:\/\/urban-nation.com\/wp-content\/uploads\/2022\/06\/NK-UNartig-220617-0255-copy.jpg 1920w\" sizes=\"auto, (max-width: 960px) 100vw, 960px\" \/>\t\t\t\t\t\t<\/div>\n\t\t\t\t\t\t<div class=\"slide-description\">\n\t\t\t\t\t\t\tphoto: Nika Kramer\t\t\t\t\t\t<\/div>\n\t\t\t\t\t<\/li>\n\t\t\t\t\t\t\t\t\t<li class=\"slider-element\" data-thumb=\"https:\/\/urban-nation.com\/wp-content\/uploads\/2022\/06\/NK-UNartig-220618-0436-copy-250x250.jpg\"\n\t\t\t\t\t\tdata-src=\"https:\/\/urban-nation.com\/wp-content\/uploads\/2022\/06\/NK-UNartig-220618-0436-copy.jpg\">\n\t\t\t\t\t\t<div class=\"media-element\">\n\t\t\t\t\t\t\t<img loading=\"lazy\" decoding=\"async\" width=\"960\" height=\"674\" src=\"https:\/\/urban-nation.com\/wp-content\/uploads\/2022\/06\/NK-UNartig-220618-0436-copy-960x674.jpg\" class=\"gallery-slider-image\" alt=\"\" srcset=\"https:\/\/urban-nation.com\/wp-content\/uploads\/2022\/06\/NK-UNartig-220618-0436-copy-960x674.jpg 960w, https:\/\/urban-nation.com\/wp-content\/uploads\/2022\/06\/NK-UNartig-220618-0436-copy-640x449.jpg 640w, https:\/\/urban-nation.com\/wp-content\/uploads\/2022\/06\/NK-UNartig-220618-0436-copy-768x539.jpg 768w, https:\/\/urban-nation.com\/wp-content\/uploads\/2022\/06\/NK-UNartig-220618-0436-copy-1536x1078.jpg 1536w, https:\/\/urban-nation.com\/wp-content\/uploads\/2022\/06\/NK-UNartig-220618-0436-copy-1440x1010.jpg 1440w, https:\/\/urban-nation.com\/wp-content\/uploads\/2022\/06\/NK-UNartig-220618-0436-copy.jpg 1920w\" sizes=\"auto, (max-width: 960px) 100vw, 960px\" \/>\t\t\t\t\t\t<\/div>\n\t\t\t\t\t\t<div class=\"slide-description\">\n\t\t\t\t\t\t\tphoto: Nika Kramer\t\t\t\t\t\t<\/div>\n\t\t\t\t\t<\/li>\n\t\t\t\t\t\t\t\t\t<li class=\"slider-element\" data-thumb=\"https:\/\/urban-nation.com\/wp-content\/uploads\/2022\/07\/berlinARTcore-2161-2-250x250.jpg\"\n\t\t\t\t\t\tdata-src=\"https:\/\/urban-nation.com\/wp-content\/uploads\/2022\/07\/berlinARTcore-2161-2.jpg\">\n\t\t\t\t\t\t<div class=\"media-element\">\n\t\t\t\t\t\t\t<img loading=\"lazy\" decoding=\"async\" width=\"960\" height=\"674\" src=\"https:\/\/urban-nation.com\/wp-content\/uploads\/2022\/07\/berlinARTcore-2161-2-960x674.jpg\" class=\"gallery-slider-image\" alt=\"\" srcset=\"https:\/\/urban-nation.com\/wp-content\/uploads\/2022\/07\/berlinARTcore-2161-2-960x674.jpg 960w, https:\/\/urban-nation.com\/wp-content\/uploads\/2022\/07\/berlinARTcore-2161-2-640x449.jpg 640w, https:\/\/urban-nation.com\/wp-content\/uploads\/2022\/07\/berlinARTcore-2161-2-768x539.jpg 768w, https:\/\/urban-nation.com\/wp-content\/uploads\/2022\/07\/berlinARTcore-2161-2-1536x1078.jpg 1536w, https:\/\/urban-nation.com\/wp-content\/uploads\/2022\/07\/berlinARTcore-2161-2-1440x1010.jpg 1440w, https:\/\/urban-nation.com\/wp-content\/uploads\/2022\/07\/berlinARTcore-2161-2.jpg 1920w\" sizes=\"auto, (max-width: 960px) 100vw, 960px\" \/>\t\t\t\t\t\t<\/div>\n\t\t\t\t\t\t<div class=\"slide-description\">\n\t\t\t\t\t\t\tphoto: Sebastian Kl\u00e4bsch\t\t\t\t\t\t<\/div>\n\t\t\t\t\t<\/li>\n\t\t\t\t\t\t\t<\/ul>\n\t\t<\/section>\n\t\n\n\n<h2 class=\"wp-block-heading\">1000 DANK &amp; BIS BALD!<\/h2>\n\n\n\n<p>Vielen Dank an alle, die mit uns die Er\u00f6ffnung gefeiert haben. Wir sind froh, dass alle das Wochenende genossen haben und hoffen, Sie beim n\u00e4chsten Mal wiederzusehen &#8211; wir freuen uns schon auf die n\u00e4chste Gelegenheit!<\/p>\n","protected":false},"excerpt":{"rendered":"<p>Am 17. Juni wurde die Er\u00f6ffnung der neuen Ausstellung &#8222;TALKING&#8230; &amp; OTHER BANANA SKINS&#8220; mit dem dreit\u00e4gigen Kunstfest UNARTIG gefeiert. Trotz der Hitze besuchten insgesamt etwa 10.000 Menschen das URBAN NATION Museum und das &#8222;UNARTIG &#8211; Kunstfest im Quartier\u201c. F\u00fcr [&hellip;]<\/p>\n","protected":false},"author":457,"featured_media":565106,"comment_status":"closed","ping_status":"closed","sticky":false,"template":"","format":"standard","meta":{"_acf_changed":false,"footnotes":""},"categories":[120,126,94,114],"tags":[],"un-event-series":[216,401],"class_list":["post-565614","post","type-post","status-publish","format-standard","has-post-thumbnail","hentry","category-press-release","category-press-release-de","category-urban-nation","category-urban-nation-de","un-event-series-un-museum-event","un-event-series-un-museum-event-2022"],"acf":[],"yoast_head":"<!-- This site is optimized with the Yoast SEO plugin v24.1 - https:\/\/yoast.com\/wordpress\/plugins\/seo\/ -->\n<title>Die Er\u00f6ffnung von &quot;TALKING... &amp; OTHER BANANA SKINS&quot; und &quot;UNARTIG&quot; war ein voller Erfolg! &#8211; Urban Nation<\/title>\n<meta name=\"description\" content=\"Am 17. Juni wurde die Er\u00f6ffnung der neuen Ausstellung &quot;TALKING... &amp; OTHER BANANA SKINS&quot; mit dem dreit\u00e4gigen Kunstfest UNARTIG gefeiert. Trotz der Hitze besuchten insgesamt etwa 10.000 Menschen das URBAN NATION Museum und das &quot;UNARTIG - Kunstfest im Quartier&quot;.\" \/>\n<meta name=\"robots\" content=\"index, follow, max-snippet:-1, max-image-preview:large, max-video-preview:-1\" \/>\n<link rel=\"canonical\" href=\"https:\/\/urban-nation.com\/de\/2022\/07\/die-eroeffnung-von-talking-other-banana-skins-war-ein-voller-erfolg\/\" \/>\n<meta property=\"og:locale\" content=\"de_DE\" \/>\n<meta property=\"og:type\" content=\"article\" \/>\n<meta property=\"og:title\" content=\"Die Er\u00f6ffnung von &quot;TALKING... &amp; OTHER BANANA SKINS&quot; und &quot;UNARTIG&quot; war ein voller Erfolg! &#8211; Urban Nation\" \/>\n<meta property=\"og:description\" content=\"Am 17. Juni wurde die Er\u00f6ffnung der neuen Ausstellung &quot;TALKING... &amp; OTHER BANANA SKINS&quot; mit dem dreit\u00e4gigen Kunstfest UNARTIG gefeiert. Trotz der Hitze besuchten insgesamt etwa 10.000 Menschen das URBAN NATION Museum und das &quot;UNARTIG - Kunstfest im Quartier&quot;.\" \/>\n<meta property=\"og:url\" content=\"https:\/\/urban-nation.com\/de\/2022\/07\/die-eroeffnung-von-talking-other-banana-skins-war-ein-voller-erfolg\/\" \/>\n<meta property=\"og:site_name\" content=\"Urban Nation\" \/>\n<meta property=\"article:publisher\" content=\"https:\/\/www.facebook.com\/urbannationberlin\" \/>\n<meta property=\"article:published_time\" content=\"2022-07-07T10:36:13+00:00\" \/>\n<meta property=\"article:modified_time\" content=\"2022-07-08T09:47:35+00:00\" \/>\n<meta property=\"og:image\" content=\"https:\/\/urban-nation.com\/wp-content\/uploads\/2022\/06\/NK-UNartig-220617-0409-copy-scaled.jpg\" \/>\n\t<meta property=\"og:image:width\" content=\"2560\" \/>\n\t<meta property=\"og:image:height\" content=\"1707\" \/>\n\t<meta property=\"og:image:type\" content=\"image\/jpeg\" \/>\n<meta name=\"author\" content=\"Anne Schmedding\" \/>\n<script type=\"application\/ld+json\" class=\"yoast-schema-graph\">{\"@context\":\"https:\/\/schema.org\",\"@graph\":[{\"@type\":\"WebPage\",\"@id\":\"https:\/\/urban-nation.com\/de\/2022\/07\/die-eroeffnung-von-talking-other-banana-skins-war-ein-voller-erfolg\/\",\"url\":\"https:\/\/urban-nation.com\/de\/2022\/07\/die-eroeffnung-von-talking-other-banana-skins-war-ein-voller-erfolg\/\",\"name\":\"Die Er\u00f6ffnung von \\\"TALKING... & OTHER BANANA SKINS\\\" und \\\"UNARTIG\\\" war ein voller Erfolg! &#8211; Urban Nation\",\"isPartOf\":{\"@id\":\"https:\/\/urban-nation.com\/#website\"},\"primaryImageOfPage\":{\"@id\":\"https:\/\/urban-nation.com\/de\/2022\/07\/die-eroeffnung-von-talking-other-banana-skins-war-ein-voller-erfolg\/#primaryimage\"},\"image\":{\"@id\":\"https:\/\/urban-nation.com\/de\/2022\/07\/die-eroeffnung-von-talking-other-banana-skins-war-ein-voller-erfolg\/#primaryimage\"},\"thumbnailUrl\":\"https:\/\/urban-nation.com\/wp-content\/uploads\/2022\/06\/NK-UNartig-220617-0409-copy-scaled.jpg\",\"datePublished\":\"2022-07-07T10:36:13+00:00\",\"dateModified\":\"2022-07-08T09:47:35+00:00\",\"author\":{\"@id\":\"https:\/\/urban-nation.com\/#\/schema\/person\/18fc3b03007141ea356674eb906ee8ff\"},\"description\":\"Am 17. Juni wurde die Er\u00f6ffnung der neuen Ausstellung \\\"TALKING... & OTHER BANANA SKINS\\\" mit dem dreit\u00e4gigen Kunstfest UNARTIG gefeiert. Trotz der Hitze besuchten insgesamt etwa 10.000 Menschen das URBAN NATION Museum und das \\\"UNARTIG - Kunstfest im Quartier\\\".\",\"breadcrumb\":{\"@id\":\"https:\/\/urban-nation.com\/de\/2022\/07\/die-eroeffnung-von-talking-other-banana-skins-war-ein-voller-erfolg\/#breadcrumb\"},\"inLanguage\":\"de\",\"potentialAction\":[{\"@type\":\"ReadAction\",\"target\":[\"https:\/\/urban-nation.com\/de\/2022\/07\/die-eroeffnung-von-talking-other-banana-skins-war-ein-voller-erfolg\/\"]}]},{\"@type\":\"ImageObject\",\"inLanguage\":\"de\",\"@id\":\"https:\/\/urban-nation.com\/de\/2022\/07\/die-eroeffnung-von-talking-other-banana-skins-war-ein-voller-erfolg\/#primaryimage\",\"url\":\"https:\/\/urban-nation.com\/wp-content\/uploads\/2022\/06\/NK-UNartig-220617-0409-copy-scaled.jpg\",\"contentUrl\":\"https:\/\/urban-nation.com\/wp-content\/uploads\/2022\/06\/NK-UNartig-220617-0409-copy-scaled.jpg\",\"width\":2560,\"height\":1707,\"caption\":\"Urban Nation \u2013 UNartig \u2013 Banana Skins Urban Nation Museum celebrates the Opening of the new exhibition \u201cTALKING\u2026 &amp; OTHER BANANA SKINS [DIE T\u00dcCKEN DER KOMMUNIKATION]\u201d with block party\/art fest \u201eUNartig\u201c in Berlin, Sch\u00f6nefeld, June 17-19, 2022. photo by Nika Kramer @urbannation_berlin @nikakramer @stiftungberlinerleben @yesandpro #UrbanNationBerlin #UNARTIGStreetFest #TAOBS #TalkingAndOtherBananaSkins #streetart #urbanart #berlin #IamNika #urbannation\"},{\"@type\":\"BreadcrumbList\",\"@id\":\"https:\/\/urban-nation.com\/de\/2022\/07\/die-eroeffnung-von-talking-other-banana-skins-war-ein-voller-erfolg\/#breadcrumb\",\"itemListElement\":[{\"@type\":\"ListItem\",\"position\":1,\"name\":\"Home\",\"item\":\"https:\/\/urban-nation.com\/de\/\"},{\"@type\":\"ListItem\",\"position\":2,\"name\":\"Die Er\u00f6ffnung von &#8222;TALKING&#8230; &#038; OTHER BANANA SKINS&#8220; und &#8222;UNARTIG&#8220; war ein voller Erfolg!\"}]},{\"@type\":\"WebSite\",\"@id\":\"https:\/\/urban-nation.com\/#website\",\"url\":\"https:\/\/urban-nation.com\/\",\"name\":\"Urban Nation\",\"description\":\"Museum for Urban Contemporary Art\",\"potentialAction\":[{\"@type\":\"SearchAction\",\"target\":{\"@type\":\"EntryPoint\",\"urlTemplate\":\"https:\/\/urban-nation.com\/?s={search_term_string}\"},\"query-input\":{\"@type\":\"PropertyValueSpecification\",\"valueRequired\":true,\"valueName\":\"search_term_string\"}}],\"inLanguage\":\"de\"},{\"@type\":\"Person\",\"@id\":\"https:\/\/urban-nation.com\/#\/schema\/person\/18fc3b03007141ea356674eb906ee8ff\",\"name\":\"Anne Schmedding\"}]}<\/script>\n<!-- \/ Yoast SEO plugin. -->","yoast_head_json":{"title":"Die Er\u00f6ffnung von \"TALKING... & OTHER BANANA SKINS\" und \"UNARTIG\" war ein voller Erfolg! &#8211; Urban Nation","description":"Am 17. Juni wurde die Er\u00f6ffnung der neuen Ausstellung \"TALKING... & OTHER BANANA SKINS\" mit dem dreit\u00e4gigen Kunstfest UNARTIG gefeiert. Trotz der Hitze besuchten insgesamt etwa 10.000 Menschen das URBAN NATION Museum und das \"UNARTIG - Kunstfest im Quartier\".","robots":{"index":"index","follow":"follow","max-snippet":"max-snippet:-1","max-image-preview":"max-image-preview:large","max-video-preview":"max-video-preview:-1"},"canonical":"https:\/\/urban-nation.com\/de\/2022\/07\/die-eroeffnung-von-talking-other-banana-skins-war-ein-voller-erfolg\/","og_locale":"de_DE","og_type":"article","og_title":"Die Er\u00f6ffnung von \"TALKING... & OTHER BANANA SKINS\" und \"UNARTIG\" war ein voller Erfolg! &#8211; Urban Nation","og_description":"Am 17. Juni wurde die Er\u00f6ffnung der neuen Ausstellung \"TALKING... & OTHER BANANA SKINS\" mit dem dreit\u00e4gigen Kunstfest UNARTIG gefeiert. Trotz der Hitze besuchten insgesamt etwa 10.000 Menschen das URBAN NATION Museum und das \"UNARTIG - Kunstfest im Quartier\".","og_url":"https:\/\/urban-nation.com\/de\/2022\/07\/die-eroeffnung-von-talking-other-banana-skins-war-ein-voller-erfolg\/","og_site_name":"Urban Nation","article_publisher":"https:\/\/www.facebook.com\/urbannationberlin","article_published_time":"2022-07-07T10:36:13+00:00","article_modified_time":"2022-07-08T09:47:35+00:00","og_image":[{"width":2560,"height":1707,"url":"https:\/\/urban-nation.com\/wp-content\/uploads\/2022\/06\/NK-UNartig-220617-0409-copy-scaled.jpg","type":"image\/jpeg"}],"author":"Anne Schmedding","schema":{"@context":"https:\/\/schema.org","@graph":[{"@type":"WebPage","@id":"https:\/\/urban-nation.com\/de\/2022\/07\/die-eroeffnung-von-talking-other-banana-skins-war-ein-voller-erfolg\/","url":"https:\/\/urban-nation.com\/de\/2022\/07\/die-eroeffnung-von-talking-other-banana-skins-war-ein-voller-erfolg\/","name":"Die Er\u00f6ffnung von \"TALKING... & OTHER BANANA SKINS\" und \"UNARTIG\" war ein voller Erfolg! &#8211; Urban Nation","isPartOf":{"@id":"https:\/\/urban-nation.com\/#website"},"primaryImageOfPage":{"@id":"https:\/\/urban-nation.com\/de\/2022\/07\/die-eroeffnung-von-talking-other-banana-skins-war-ein-voller-erfolg\/#primaryimage"},"image":{"@id":"https:\/\/urban-nation.com\/de\/2022\/07\/die-eroeffnung-von-talking-other-banana-skins-war-ein-voller-erfolg\/#primaryimage"},"thumbnailUrl":"https:\/\/urban-nation.com\/wp-content\/uploads\/2022\/06\/NK-UNartig-220617-0409-copy-scaled.jpg","datePublished":"2022-07-07T10:36:13+00:00","dateModified":"2022-07-08T09:47:35+00:00","author":{"@id":"https:\/\/urban-nation.com\/#\/schema\/person\/18fc3b03007141ea356674eb906ee8ff"},"description":"Am 17. Juni wurde die Er\u00f6ffnung der neuen Ausstellung \"TALKING... & OTHER BANANA SKINS\" mit dem dreit\u00e4gigen Kunstfest UNARTIG gefeiert. Trotz der Hitze besuchten insgesamt etwa 10.000 Menschen das URBAN NATION Museum und das \"UNARTIG - Kunstfest im Quartier\".","breadcrumb":{"@id":"https:\/\/urban-nation.com\/de\/2022\/07\/die-eroeffnung-von-talking-other-banana-skins-war-ein-voller-erfolg\/#breadcrumb"},"inLanguage":"de","potentialAction":[{"@type":"ReadAction","target":["https:\/\/urban-nation.com\/de\/2022\/07\/die-eroeffnung-von-talking-other-banana-skins-war-ein-voller-erfolg\/"]}]},{"@type":"ImageObject","inLanguage":"de","@id":"https:\/\/urban-nation.com\/de\/2022\/07\/die-eroeffnung-von-talking-other-banana-skins-war-ein-voller-erfolg\/#primaryimage","url":"https:\/\/urban-nation.com\/wp-content\/uploads\/2022\/06\/NK-UNartig-220617-0409-copy-scaled.jpg","contentUrl":"https:\/\/urban-nation.com\/wp-content\/uploads\/2022\/06\/NK-UNartig-220617-0409-copy-scaled.jpg","width":2560,"height":1707,"caption":"Urban Nation \u2013 UNartig \u2013 Banana Skins Urban Nation Museum celebrates the Opening of the new exhibition \u201cTALKING\u2026 &amp; OTHER BANANA SKINS [DIE T\u00dcCKEN DER KOMMUNIKATION]\u201d with block party\/art fest \u201eUNartig\u201c in Berlin, Sch\u00f6nefeld, June 17-19, 2022. photo by Nika Kramer @urbannation_berlin @nikakramer @stiftungberlinerleben @yesandpro #UrbanNationBerlin #UNARTIGStreetFest #TAOBS #TalkingAndOtherBananaSkins #streetart #urbanart #berlin #IamNika #urbannation"},{"@type":"BreadcrumbList","@id":"https:\/\/urban-nation.com\/de\/2022\/07\/die-eroeffnung-von-talking-other-banana-skins-war-ein-voller-erfolg\/#breadcrumb","itemListElement":[{"@type":"ListItem","position":1,"name":"Home","item":"https:\/\/urban-nation.com\/de\/"},{"@type":"ListItem","position":2,"name":"Die Er\u00f6ffnung von &#8222;TALKING&#8230; &#038; OTHER BANANA SKINS&#8220; und &#8222;UNARTIG&#8220; war ein voller Erfolg!"}]},{"@type":"WebSite","@id":"https:\/\/urban-nation.com\/#website","url":"https:\/\/urban-nation.com\/","name":"Urban Nation","description":"Museum for Urban Contemporary Art","potentialAction":[{"@type":"SearchAction","target":{"@type":"EntryPoint","urlTemplate":"https:\/\/urban-nation.com\/?s={search_term_string}"},"query-input":{"@type":"PropertyValueSpecification","valueRequired":true,"valueName":"search_term_string"}}],"inLanguage":"de"},{"@type":"Person","@id":"https:\/\/urban-nation.com\/#\/schema\/person\/18fc3b03007141ea356674eb906ee8ff","name":"Anne Schmedding"}]}},"_links":{"self":[{"href":"https:\/\/urban-nation.com\/de\/wp-json\/wp\/v2\/posts\/565614","targetHints":{"allow":["GET"]}}],"collection":[{"href":"https:\/\/urban-nation.com\/de\/wp-json\/wp\/v2\/posts"}],"about":[{"href":"https:\/\/urban-nation.com\/de\/wp-json\/wp\/v2\/types\/post"}],"author":[{"embeddable":true,"href":"https:\/\/urban-nation.com\/de\/wp-json\/wp\/v2\/users\/457"}],"replies":[{"embeddable":true,"href":"https:\/\/urban-nation.com\/de\/wp-json\/wp\/v2\/comments?post=565614"}],"version-history":[{"count":3,"href":"https:\/\/urban-nation.com\/de\/wp-json\/wp\/v2\/posts\/565614\/revisions"}],"predecessor-version":[{"id":565831,"href":"https:\/\/urban-nation.com\/de\/wp-json\/wp\/v2\/posts\/565614\/revisions\/565831"}],"wp:featuredmedia":[{"embeddable":true,"href":"https:\/\/urban-nation.com\/de\/wp-json\/wp\/v2\/media\/565106"}],"wp:attachment":[{"href":"https:\/\/urban-nation.com\/de\/wp-json\/wp\/v2\/media?parent=565614"}],"wp:term":[{"taxonomy":"category","embeddable":true,"href":"https:\/\/urban-nation.com\/de\/wp-json\/wp\/v2\/categories?post=565614"},{"taxonomy":"post_tag","embeddable":true,"href":"https:\/\/urban-nation.com\/de\/wp-json\/wp\/v2\/tags?post=565614"},{"taxonomy":"un-event-series","embeddable":true,"href":"https:\/\/urban-nation.com\/de\/wp-json\/wp\/v2\/un-event-series?post=565614"}],"curies":[{"name":"wp","href":"https:\/\/api.w.org\/{rel}","templated":true}]}}