{"id":566132,"date":"2022-08-01T08:47:43","date_gmt":"2022-08-01T06:47:43","guid":{"rendered":"https:\/\/urban-nation.com\/?p=566132"},"modified":"2023-08-07T11:35:15","modified_gmt":"2023-08-07T09:35:15","slug":"besuchen-sie-das-museum-bei-der-langen-nacht-der-museen-am-27-august-2022","status":"publish","type":"post","link":"https:\/\/urban-nation.com\/de\/2022\/08\/besuchen-sie-das-museum-bei-der-langen-nacht-der-museen-am-27-august-2022\/","title":{"rendered":"Besuchen Sie das Museum zur Langen Nacht der Museen am 27. August 2022"},"content":{"rendered":"\n<p><strong>Hier gehts zu den Tickets:&nbsp;<a href=\"https:\/\/www.lange-nacht-der-museen.de\/infos-service\" target=\"_blank\" rel=\"noreferrer noopener\">https:\/\/www.lange-nacht-der-museen.de\/infos-service<\/a><\/strong><\/p>\n\n\n\n<p><strong>Am 27.08 ab 18:00&nbsp;d\u00fcrfen nur Besucher mit einem&nbsp;g\u00fcltigen Ticket zur Langen Nacht der Museen&nbsp;das URBAN NATION Museum besuchen.<\/strong> <strong>Mehr Informationen zu Erm\u00e4\u00dfigungen und Modalit\u00e4ten der Tickets finden sie hier: <a href=\"https:\/\/www.lange-nacht-der-museen.de\/en\/tickets\">https:\/\/www.lange-nacht-der-museen.de\/en\/tickets<\/a><\/strong><\/p>\n\n\n\n<p><strong>Tickets&nbsp;Vor Ort nur gegen Barbezahlung, am&nbsp;27.08. ab 12.00 Uhr<\/strong><\/p>\n\n\n\n<p>Wir freuen uns \u00fcber die Teilnahme des URBAN NATION Museums bei der Langen Nacht der Museen Berlin und laden herzlich dazu ein. Speziell zu diesem Anlass findet am 27.08. ein Programm mit F\u00fchrungen und Live Performance an zwei Standorten statt:<\/p>\n\n\n\n<h2 class=\"wp-block-heading\">UN PRODUCTION OFFICE<\/h2>\n\n\n\n<p><strong>Abstrakte Live Performance<\/strong> \u2013 <a href=\"https:\/\/urban-nation.com\/de\/artist\/senor-schnu\/\">Philip Wallisfurth (SENOR SCHNU)<\/a> mit Moos und Spr\u00fchdosen<\/p>\n\n\n\n<p><strong>Wo:<\/strong> <strong>B\u00fclowstra\u00dfe 96<\/strong>, <strong>10783 Berlin<\/strong><\/p>\n\n\n\n<p><strong>Wann: 18:00-01:00 Uhr<\/strong><\/p>\n\n\n\n<p><\/p>\n\n\n\n<figure class=\"wp-block-image size-large\"><img decoding=\"async\" width=\"960\" height=\"640\" loading=\"lazy\" src=\"https:\/\/urban-nation.com\/wp-content\/uploads\/2022\/08\/Neulolln_arkaden_senor_schnu_10_2020_7_1-960x640.jpg\" alt=\"\" class=\"wp-image-566337\" srcset=\"https:\/\/urban-nation.com\/wp-content\/uploads\/2022\/08\/Neulolln_arkaden_senor_schnu_10_2020_7_1-960x640.jpg 960w, https:\/\/urban-nation.com\/wp-content\/uploads\/2022\/08\/Neulolln_arkaden_senor_schnu_10_2020_7_1-640x427.jpg 640w, https:\/\/urban-nation.com\/wp-content\/uploads\/2022\/08\/Neulolln_arkaden_senor_schnu_10_2020_7_1-768x512.jpg 768w, https:\/\/urban-nation.com\/wp-content\/uploads\/2022\/08\/Neulolln_arkaden_senor_schnu_10_2020_7_1-1536x1024.jpg 1536w, https:\/\/urban-nation.com\/wp-content\/uploads\/2022\/08\/Neulolln_arkaden_senor_schnu_10_2020_7_1-2048x1366.jpg 2048w, https:\/\/urban-nation.com\/wp-content\/uploads\/2022\/08\/Neulolln_arkaden_senor_schnu_10_2020_7_1-1440x960.jpg 1440w\" sizes=\"auto, (max-width: 960px) 100vw, 960px\" \/><figcaption class=\"wp-element-caption\">Foto:  Philip Wallisfurth<\/figcaption><\/figure>\n\n\n\n<p><strong>PHILIP WALLISFURTH<\/strong> <strong>(<a href=\"https:\/\/urban-nation.com\/de\/artist\/senor-schnu\/\">SENOR SCHNU<\/a>)<\/strong><\/p>\n\n\n\n<p>Urspr\u00fcnglich aus Aachen, lebt und arbeitet er heute in Berlin. Seine Arbeiten umfassen ein breites Spektrum von klassischen Paste-Ups \u00fcber Moos-Graffittis, Skulpturen und Malereien auf Leinwand. 2020 gestaltete er gemeinsam mit Dave The Chimp, Mina, Humble Writerz und Matt Jones die damalige <a href=\"https:\/\/urban-nation.com\/de\/2020\/06\/neue-fassade-fuer-das-urban-nation-museum-dave-the-chimp-freunde-plaedieren-fuer-mehr-solidaritaet\/\">Fassade des URBAN NATION Museums<\/a>.<\/p>\n\n\n\n<p>Wie auch im ersten Kapitel <em>We need to talk<\/em> der Ausstellung &#8222;TALKING\u2026&amp; OTHER BANANA SKINS&#8220; kn\u00fcpft Philip Wallisfurth an Umweltfragen an und behandelt hier die Frage der Nachhaltigkeit im Bereich Urban Art. Mit seinem abstrakten Moos-Graffiti erforscht er den Dialog verschiedener Materialien und Techniken.&nbsp;<\/p>\n\n\n\n<p>Senor Schnu auf <a href=\"https:\/\/www.instagram.com\/senor_schnu\/\">instagram<\/a><\/p>\n\n\n\n<h2 class=\"wp-block-heading\">URBAN NATION MUSEUM<\/h2>\n\n\n\n<p><strong>Wo: B\u00fclowstrasse 7, 10783 Berlin<\/strong><\/p>\n\n\n\n<p><strong>Wann: 18:00-02:00 Uhr<\/strong><\/p>\n\n\n\n<p>F\u00fchrungen durch<strong> <\/strong>&#8222;<a href=\"https:\/\/urban-nation.com\/de\/talking-other-banana-skins\/\">TALKING\u2026 &amp; OTHER BANANA SKINS<\/a> [DIE T\u00dcCKEN DER KOMMUNIKATION]&#8220; auf Deutsch und Englisch<br>20 Minuten Express-F\u00fchrungen mit Fokus auf ausgew\u00e4hlte Themen und Kunstwerke<\/p>\n\n\n\n<p>Start alle 30 min<br>ab 18:00 Uhr in DE \u2013 Letzte F\u00fchrung um 01:00 Uhr<br>ab 18:15 Uhr in EN \u2013 Letzte F\u00fchrung um 01:15 Uhr<\/p>\n\n\n\n<figure class=\"wp-block-image size-large\"><img decoding=\"async\" width=\"960\" height=\"640\" loading=\"lazy\" src=\"https:\/\/urban-nation.com\/wp-content\/uploads\/2022\/07\/UN-Talking-1344-copy-960x640.jpg\" alt=\"URBAN NATION Museum Foyer\" class=\"wp-image-566254\" srcset=\"https:\/\/urban-nation.com\/wp-content\/uploads\/2022\/07\/UN-Talking-1344-copy-960x640.jpg 960w, https:\/\/urban-nation.com\/wp-content\/uploads\/2022\/07\/UN-Talking-1344-copy-640x426.jpg 640w, https:\/\/urban-nation.com\/wp-content\/uploads\/2022\/07\/UN-Talking-1344-copy-768x512.jpg 768w, https:\/\/urban-nation.com\/wp-content\/uploads\/2022\/07\/UN-Talking-1344-copy-1536x1024.jpg 1536w, https:\/\/urban-nation.com\/wp-content\/uploads\/2022\/07\/UN-Talking-1344-copy-2048x1365.jpg 2048w, https:\/\/urban-nation.com\/wp-content\/uploads\/2022\/07\/UN-Talking-1344-copy-1440x960.jpg 1440w\" sizes=\"auto, (max-width: 960px) 100vw, 960px\" \/><figcaption class=\"wp-element-caption\"> \u201cTALKING\u2026 &amp; OTHER BANANA SKINS [DIE T\u00dcCKEN DER KOMMUNIKATION]\u201d photo by Nika Kramer<\/figcaption><\/figure>\n\n\n\n<p>Die Ausstellung zeigt Gem\u00e4lde, Installationen, Skulpturen und Videoarbeiten, die die gesamte Bandbreite der urbanen und zeitgen\u00f6ssischen Kunst abdecken. Zu den K\u00fcnstlern geh\u00f6ren unter anderem&nbsp;<strong><a href=\"https:\/\/urban-nation.com\/artist\/rocco-and-his-brothers\/\" target=\"_blank\" rel=\"noreferrer noopener\">ROCCO AND HIS BROTHERS<\/a><\/strong>&nbsp;(Berlin),&nbsp;<strong><a href=\"https:\/\/urban-nation.com\/2018\/07\/live-the-museum-iii-artistic-duo-icy-sot-address-the-reality-of-life-for-refugees-between-war-and-a-new-beginning\/\" target=\"_blank\" rel=\"noreferrer noopener\">ICY AND SOT<\/a><\/strong>&nbsp;(Tabriz\/NY),&nbsp;<strong><a href=\"https:\/\/urban-nation.com\/artist\/various-gould-germany\/\" target=\"_blank\" rel=\"noreferrer noopener\">VARIOUS AND GOULD<\/a><\/strong>&nbsp;(Berlin),&nbsp;<strong>JOS\u00c9PHINE SAGNA<\/strong>&nbsp;(Hamburg) und&nbsp;<a href=\"https:\/\/urban-nation.com\/artist\/low-bros\/\" target=\"_blank\" rel=\"noreferrer noopener\"><strong>LOW<\/strong>&nbsp;<strong>BROS<\/strong><\/a>&nbsp;(Hamburg).<\/p>\n\n\n\n<p><\/p>\n\n\n\n<p>Wir freuen uns \u00fcber Ihren Besuch!<\/p>\n","protected":false},"excerpt":{"rendered":"<p>Hier gehts zu den Tickets:&nbsp;https:\/\/www.lange-nacht-der-museen.de\/infos-service Am 27.08 ab 18:00&nbsp;d\u00fcrfen nur Besucher mit einem&nbsp;g\u00fcltigen Ticket zur Langen Nacht der Museen&nbsp;das URBAN NATION Museum besuchen. Mehr Informationen zu Erm\u00e4\u00dfigungen und Modalit\u00e4ten der Tickets finden sie hier: https:\/\/www.lange-nacht-der-museen.de\/en\/tickets Tickets&nbsp;Vor Ort nur gegen Barbezahlung, [&hellip;]<\/p>\n","protected":false},"author":457,"featured_media":566532,"comment_status":"closed","ping_status":"closed","sticky":false,"template":"","format":"standard","meta":{"_acf_changed":false,"footnotes":""},"categories":[126,114],"tags":[],"un-event-series":[401],"class_list":["post-566132","post","type-post","status-publish","format-standard","has-post-thumbnail","hentry","category-press-release-de","category-urban-nation-de","un-event-series-un-museum-event-2022"],"acf":[],"yoast_head":"<!-- This site is optimized with the Yoast SEO plugin v24.1 - https:\/\/yoast.com\/wordpress\/plugins\/seo\/ -->\n<title>Besuchen Sie das Museum zur Langen Nacht der Museen am 27. August 2022 &#8211; Urban Nation<\/title>\n<meta name=\"robots\" content=\"index, follow, max-snippet:-1, max-image-preview:large, max-video-preview:-1\" \/>\n<link rel=\"canonical\" href=\"https:\/\/urban-nation.com\/de\/2022\/08\/besuchen-sie-das-museum-bei-der-langen-nacht-der-museen-am-27-august-2022\/\" \/>\n<meta property=\"og:locale\" content=\"de_DE\" \/>\n<meta property=\"og:type\" content=\"article\" \/>\n<meta property=\"og:title\" content=\"Besuchen Sie das Museum zur Langen Nacht der Museen am 27. August 2022 &#8211; Urban Nation\" \/>\n<meta property=\"og:description\" content=\"Hier gehts zu den Tickets:&nbsp;https:\/\/www.lange-nacht-der-museen.de\/infos-service Am 27.08 ab 18:00&nbsp;d\u00fcrfen nur Besucher mit einem&nbsp;g\u00fcltigen Ticket zur Langen Nacht der Museen&nbsp;das URBAN NATION Museum besuchen. Mehr Informationen zu Erm\u00e4\u00dfigungen und Modalit\u00e4ten der Tickets finden sie hier: https:\/\/www.lange-nacht-der-museen.de\/en\/tickets Tickets&nbsp;Vor Ort nur gegen Barbezahlung, [&hellip;]\" \/>\n<meta property=\"og:url\" content=\"https:\/\/urban-nation.com\/de\/2022\/08\/besuchen-sie-das-museum-bei-der-langen-nacht-der-museen-am-27-august-2022\/\" \/>\n<meta property=\"og:site_name\" content=\"Urban Nation\" \/>\n<meta property=\"article:publisher\" content=\"https:\/\/www.facebook.com\/urbannationberlin\" \/>\n<meta property=\"article:published_time\" content=\"2022-08-01T06:47:43+00:00\" \/>\n<meta property=\"article:modified_time\" content=\"2023-08-07T09:35:15+00:00\" \/>\n<meta property=\"og:image\" content=\"https:\/\/urban-nation.com\/wp-content\/uploads\/2022\/08\/NK-UNartig-220617-0640-copy-1.jpg\" \/>\n\t<meta property=\"og:image:width\" content=\"1920\" \/>\n\t<meta property=\"og:image:height\" content=\"842\" \/>\n\t<meta property=\"og:image:type\" content=\"image\/jpeg\" \/>\n<meta name=\"author\" content=\"Anne Schmedding\" \/>\n<script type=\"application\/ld+json\" class=\"yoast-schema-graph\">{\"@context\":\"https:\/\/schema.org\",\"@graph\":[{\"@type\":\"WebPage\",\"@id\":\"https:\/\/urban-nation.com\/de\/2022\/08\/besuchen-sie-das-museum-bei-der-langen-nacht-der-museen-am-27-august-2022\/\",\"url\":\"https:\/\/urban-nation.com\/de\/2022\/08\/besuchen-sie-das-museum-bei-der-langen-nacht-der-museen-am-27-august-2022\/\",\"name\":\"Besuchen Sie das Museum zur Langen Nacht der Museen am 27. August 2022 &#8211; Urban Nation\",\"isPartOf\":{\"@id\":\"https:\/\/urban-nation.com\/#website\"},\"primaryImageOfPage\":{\"@id\":\"https:\/\/urban-nation.com\/de\/2022\/08\/besuchen-sie-das-museum-bei-der-langen-nacht-der-museen-am-27-august-2022\/#primaryimage\"},\"image\":{\"@id\":\"https:\/\/urban-nation.com\/de\/2022\/08\/besuchen-sie-das-museum-bei-der-langen-nacht-der-museen-am-27-august-2022\/#primaryimage\"},\"thumbnailUrl\":\"https:\/\/urban-nation.com\/wp-content\/uploads\/2022\/08\/NK-UNartig-220617-0640-copy-1.jpg\",\"datePublished\":\"2022-08-01T06:47:43+00:00\",\"dateModified\":\"2023-08-07T09:35:15+00:00\",\"author\":{\"@id\":\"https:\/\/urban-nation.com\/#\/schema\/person\/18fc3b03007141ea356674eb906ee8ff\"},\"breadcrumb\":{\"@id\":\"https:\/\/urban-nation.com\/de\/2022\/08\/besuchen-sie-das-museum-bei-der-langen-nacht-der-museen-am-27-august-2022\/#breadcrumb\"},\"inLanguage\":\"de\",\"potentialAction\":[{\"@type\":\"ReadAction\",\"target\":[\"https:\/\/urban-nation.com\/de\/2022\/08\/besuchen-sie-das-museum-bei-der-langen-nacht-der-museen-am-27-august-2022\/\"]}]},{\"@type\":\"ImageObject\",\"inLanguage\":\"de\",\"@id\":\"https:\/\/urban-nation.com\/de\/2022\/08\/besuchen-sie-das-museum-bei-der-langen-nacht-der-museen-am-27-august-2022\/#primaryimage\",\"url\":\"https:\/\/urban-nation.com\/wp-content\/uploads\/2022\/08\/NK-UNartig-220617-0640-copy-1.jpg\",\"contentUrl\":\"https:\/\/urban-nation.com\/wp-content\/uploads\/2022\/08\/NK-UNartig-220617-0640-copy-1.jpg\",\"width\":1920,\"height\":842,\"caption\":\"Urban Nation \u2013 UNartig \u2013 Banana Skins....Urban Nation Museum celebrates the Opening of the new exhibition \u201cTALKING\u2026 &amp; OTHER BANANA SKINS [DIE T\u00dcCKEN DER KOMMUNIKATION]\u201d with block party\/art fest \u201eUNartig\u201c in Berlin, Sch\u00f6nefeld, June 17-19, 2022.....photo by Nika Kramer....@urbannation_berlin ..@nikakramer..@stiftungberlinerleben..@yesandpro....#UrbanNationBerlin #UNARTIGStreetFest #TAOBS #TalkingAndOtherBananaSkins #streetart #urbanart #berlin #IamNika #urbannation..\"},{\"@type\":\"BreadcrumbList\",\"@id\":\"https:\/\/urban-nation.com\/de\/2022\/08\/besuchen-sie-das-museum-bei-der-langen-nacht-der-museen-am-27-august-2022\/#breadcrumb\",\"itemListElement\":[{\"@type\":\"ListItem\",\"position\":1,\"name\":\"Home\",\"item\":\"https:\/\/urban-nation.com\/de\/\"},{\"@type\":\"ListItem\",\"position\":2,\"name\":\"Besuchen Sie das Museum zur Langen Nacht der Museen am 27. August 2022\"}]},{\"@type\":\"WebSite\",\"@id\":\"https:\/\/urban-nation.com\/#website\",\"url\":\"https:\/\/urban-nation.com\/\",\"name\":\"Urban Nation\",\"description\":\"Museum for Urban Contemporary Art\",\"potentialAction\":[{\"@type\":\"SearchAction\",\"target\":{\"@type\":\"EntryPoint\",\"urlTemplate\":\"https:\/\/urban-nation.com\/?s={search_term_string}\"},\"query-input\":{\"@type\":\"PropertyValueSpecification\",\"valueRequired\":true,\"valueName\":\"search_term_string\"}}],\"inLanguage\":\"de\"},{\"@type\":\"Person\",\"@id\":\"https:\/\/urban-nation.com\/#\/schema\/person\/18fc3b03007141ea356674eb906ee8ff\",\"name\":\"Anne Schmedding\"}]}<\/script>\n<!-- \/ Yoast SEO plugin. -->","yoast_head_json":{"title":"Besuchen Sie das Museum zur Langen Nacht der Museen am 27. August 2022 &#8211; Urban Nation","robots":{"index":"index","follow":"follow","max-snippet":"max-snippet:-1","max-image-preview":"max-image-preview:large","max-video-preview":"max-video-preview:-1"},"canonical":"https:\/\/urban-nation.com\/de\/2022\/08\/besuchen-sie-das-museum-bei-der-langen-nacht-der-museen-am-27-august-2022\/","og_locale":"de_DE","og_type":"article","og_title":"Besuchen Sie das Museum zur Langen Nacht der Museen am 27. August 2022 &#8211; Urban Nation","og_description":"Hier gehts zu den Tickets:&nbsp;https:\/\/www.lange-nacht-der-museen.de\/infos-service Am 27.08 ab 18:00&nbsp;d\u00fcrfen nur Besucher mit einem&nbsp;g\u00fcltigen Ticket zur Langen Nacht der Museen&nbsp;das URBAN NATION Museum besuchen. Mehr Informationen zu Erm\u00e4\u00dfigungen und Modalit\u00e4ten der Tickets finden sie hier: https:\/\/www.lange-nacht-der-museen.de\/en\/tickets Tickets&nbsp;Vor Ort nur gegen Barbezahlung, [&hellip;]","og_url":"https:\/\/urban-nation.com\/de\/2022\/08\/besuchen-sie-das-museum-bei-der-langen-nacht-der-museen-am-27-august-2022\/","og_site_name":"Urban Nation","article_publisher":"https:\/\/www.facebook.com\/urbannationberlin","article_published_time":"2022-08-01T06:47:43+00:00","article_modified_time":"2023-08-07T09:35:15+00:00","og_image":[{"width":1920,"height":842,"url":"https:\/\/urban-nation.com\/wp-content\/uploads\/2022\/08\/NK-UNartig-220617-0640-copy-1.jpg","type":"image\/jpeg"}],"author":"Anne Schmedding","schema":{"@context":"https:\/\/schema.org","@graph":[{"@type":"WebPage","@id":"https:\/\/urban-nation.com\/de\/2022\/08\/besuchen-sie-das-museum-bei-der-langen-nacht-der-museen-am-27-august-2022\/","url":"https:\/\/urban-nation.com\/de\/2022\/08\/besuchen-sie-das-museum-bei-der-langen-nacht-der-museen-am-27-august-2022\/","name":"Besuchen Sie das Museum zur Langen Nacht der Museen am 27. August 2022 &#8211; Urban Nation","isPartOf":{"@id":"https:\/\/urban-nation.com\/#website"},"primaryImageOfPage":{"@id":"https:\/\/urban-nation.com\/de\/2022\/08\/besuchen-sie-das-museum-bei-der-langen-nacht-der-museen-am-27-august-2022\/#primaryimage"},"image":{"@id":"https:\/\/urban-nation.com\/de\/2022\/08\/besuchen-sie-das-museum-bei-der-langen-nacht-der-museen-am-27-august-2022\/#primaryimage"},"thumbnailUrl":"https:\/\/urban-nation.com\/wp-content\/uploads\/2022\/08\/NK-UNartig-220617-0640-copy-1.jpg","datePublished":"2022-08-01T06:47:43+00:00","dateModified":"2023-08-07T09:35:15+00:00","author":{"@id":"https:\/\/urban-nation.com\/#\/schema\/person\/18fc3b03007141ea356674eb906ee8ff"},"breadcrumb":{"@id":"https:\/\/urban-nation.com\/de\/2022\/08\/besuchen-sie-das-museum-bei-der-langen-nacht-der-museen-am-27-august-2022\/#breadcrumb"},"inLanguage":"de","potentialAction":[{"@type":"ReadAction","target":["https:\/\/urban-nation.com\/de\/2022\/08\/besuchen-sie-das-museum-bei-der-langen-nacht-der-museen-am-27-august-2022\/"]}]},{"@type":"ImageObject","inLanguage":"de","@id":"https:\/\/urban-nation.com\/de\/2022\/08\/besuchen-sie-das-museum-bei-der-langen-nacht-der-museen-am-27-august-2022\/#primaryimage","url":"https:\/\/urban-nation.com\/wp-content\/uploads\/2022\/08\/NK-UNartig-220617-0640-copy-1.jpg","contentUrl":"https:\/\/urban-nation.com\/wp-content\/uploads\/2022\/08\/NK-UNartig-220617-0640-copy-1.jpg","width":1920,"height":842,"caption":"Urban Nation \u2013 UNartig \u2013 Banana Skins....Urban Nation Museum celebrates the Opening of the new exhibition \u201cTALKING\u2026 &amp; OTHER BANANA SKINS [DIE T\u00dcCKEN DER KOMMUNIKATION]\u201d with block party\/art fest \u201eUNartig\u201c in Berlin, Sch\u00f6nefeld, June 17-19, 2022.....photo by Nika Kramer....@urbannation_berlin ..@nikakramer..@stiftungberlinerleben..@yesandpro....#UrbanNationBerlin #UNARTIGStreetFest #TAOBS #TalkingAndOtherBananaSkins #streetart #urbanart #berlin #IamNika #urbannation.."},{"@type":"BreadcrumbList","@id":"https:\/\/urban-nation.com\/de\/2022\/08\/besuchen-sie-das-museum-bei-der-langen-nacht-der-museen-am-27-august-2022\/#breadcrumb","itemListElement":[{"@type":"ListItem","position":1,"name":"Home","item":"https:\/\/urban-nation.com\/de\/"},{"@type":"ListItem","position":2,"name":"Besuchen Sie das Museum zur Langen Nacht der Museen am 27. August 2022"}]},{"@type":"WebSite","@id":"https:\/\/urban-nation.com\/#website","url":"https:\/\/urban-nation.com\/","name":"Urban Nation","description":"Museum for Urban Contemporary Art","potentialAction":[{"@type":"SearchAction","target":{"@type":"EntryPoint","urlTemplate":"https:\/\/urban-nation.com\/?s={search_term_string}"},"query-input":{"@type":"PropertyValueSpecification","valueRequired":true,"valueName":"search_term_string"}}],"inLanguage":"de"},{"@type":"Person","@id":"https:\/\/urban-nation.com\/#\/schema\/person\/18fc3b03007141ea356674eb906ee8ff","name":"Anne Schmedding"}]}},"_links":{"self":[{"href":"https:\/\/urban-nation.com\/de\/wp-json\/wp\/v2\/posts\/566132","targetHints":{"allow":["GET"]}}],"collection":[{"href":"https:\/\/urban-nation.com\/de\/wp-json\/wp\/v2\/posts"}],"about":[{"href":"https:\/\/urban-nation.com\/de\/wp-json\/wp\/v2\/types\/post"}],"author":[{"embeddable":true,"href":"https:\/\/urban-nation.com\/de\/wp-json\/wp\/v2\/users\/457"}],"replies":[{"embeddable":true,"href":"https:\/\/urban-nation.com\/de\/wp-json\/wp\/v2\/comments?post=566132"}],"version-history":[{"count":3,"href":"https:\/\/urban-nation.com\/de\/wp-json\/wp\/v2\/posts\/566132\/revisions"}],"predecessor-version":[{"id":573729,"href":"https:\/\/urban-nation.com\/de\/wp-json\/wp\/v2\/posts\/566132\/revisions\/573729"}],"wp:featuredmedia":[{"embeddable":true,"href":"https:\/\/urban-nation.com\/de\/wp-json\/wp\/v2\/media\/566532"}],"wp:attachment":[{"href":"https:\/\/urban-nation.com\/de\/wp-json\/wp\/v2\/media?parent=566132"}],"wp:term":[{"taxonomy":"category","embeddable":true,"href":"https:\/\/urban-nation.com\/de\/wp-json\/wp\/v2\/categories?post=566132"},{"taxonomy":"post_tag","embeddable":true,"href":"https:\/\/urban-nation.com\/de\/wp-json\/wp\/v2\/tags?post=566132"},{"taxonomy":"un-event-series","embeddable":true,"href":"https:\/\/urban-nation.com\/de\/wp-json\/wp\/v2\/un-event-series?post=566132"}],"curies":[{"name":"wp","href":"https:\/\/api.w.org\/{rel}","templated":true}]}}