{"id":566221,"date":"2022-07-27T12:06:25","date_gmt":"2022-07-27T10:06:25","guid":{"rendered":"https:\/\/urban-nation.com\/?p=566221"},"modified":"2026-03-30T11:43:19","modified_gmt":"2026-03-30T09:43:19","slug":"more-art-less-litter-neues-mural-am-jakob-kaiser-platz-von-julia-mota-albuquerque","status":"publish","type":"post","link":"https:\/\/urban-nation.com\/de\/2022\/07\/more-art-less-litter-neues-mural-am-jakob-kaiser-platz-von-julia-mota-albuquerque\/","title":{"rendered":"MORE ART \u2013 less litter: Neues Mural am Jakob-Kaiser-Platz von J\u00falia Mota Albuquerque"},"content":{"rendered":"\n<p>Es ist soweit: Der erstplatzierte Entwurf f\u00fcr den Streetart Contest <a href=\"https:\/\/trenntstadt-berlin.de\/trenntmagazin\/more-art-less-litter.html\">\u201eMORE ART \u2013 less litter\u201c<\/a> der K\u00fcnstlerin <a href=\"https:\/\/msha.ke\/landofjulia\/\">J\u00falia Mota Albuquerque<\/a> wurde erfolgreich umgesetzt und damit der \u00d6ffentlichkeit \u00fcbergeben. Ihr Kunstwerk schm\u00fcckt nun eine riesige Hausfassade am Jakob-Kaiser-Platz, die von der Wohnungsbaugesellschaft Gewobag zur Verf\u00fcgung gestellt wurde. Mit der Fertigstellung des Kunstwerks setzen die K\u00fcnstlerin und die Macher*innen des Wettbewerbs p\u00fcnktlich zum Welt\u00fcberlastungstag ein Zeichen gegen die Verschwendung von Verpackungen und f\u00fcr Abfallvermeidung. Denn mit dem heutigen Tag haben wir Menschen den Vorrat an nat\u00fcrlichen Ressourcen f\u00fcr 2022 weltweit aufgebraucht.&nbsp;<\/p>\n\n\n\n<figure class=\"wp-block-embed is-type-video is-provider-youtube wp-block-embed-youtube wp-embed-aspect-16-9 wp-has-aspect-ratio\"><div class=\"wp-block-embed__wrapper\">\n<div class=\"BorlabsCookie _brlbs-cb-youtube\"><div class=\"un-content-blocker video-blocker\"> <img decoding=\"async\" class=\"un-blocker-thumbnail\" src=\"https:\/\/urban-nation.com\/wp-content\/uploads\/2019\/12\/un-blocker-background-youtube.jpg\" alt=\"YouTube\"> <div class=\"un-blocker-content un-video-youtube\"> <div class=\"un-caption\"> <strong>Mit dem Laden des Videos akzeptieren Sie die Datenschutzerkl\u00e4rung von YouTube.<\/strong><br> <a href=\"https:\/\/policies.google.com\/privacy\" target=\"_blank\" rel=\"nofollow noopener noreferrer\">Mehr erfahren<\/a> <p><a class=\"blocking-button\" href=\"#\" data-borlabs-cookie-unblock role=\"button\">Video laden<\/a><\/p> <p><label><input type=\"checkbox\" name=\"unblockAll\" value=\"1\" checked> <small>YouTube immer entsperren<\/small> <\/label><\/p> <\/div> <\/div> <\/div><div class=\"borlabs-hide\" data-borlabs-cookie-type=\"content-blocker\" data-borlabs-cookie-id=\"youtube\"><script type=\"text\/template\">PGRpdiBjbGFzcz0iX2JybGJzLWZsdWlkLXdpZHRoLXZpZGVvLXdyYXBwZXIiPjxpZnJhbWUgdGl0bGU9Ikt1bnN0IHZzLiBWZXJwYWNrdW5nc2FiZmFsbCIgd2lkdGg9IjUwMCIgaGVpZ2h0PSIyODEiIHNyYz0iaHR0cHM6Ly93d3cueW91dHViZS1ub2Nvb2tpZS5jb20vZW1iZWQvZlN3bi00dUM3UWc\/ZmVhdHVyZT1vZW1iZWQiIGZyYW1lYm9yZGVyPSIwIiBhbGxvdz0iYWNjZWxlcm9tZXRlcjsgYXV0b3BsYXk7IGNsaXBib2FyZC13cml0ZTsgZW5jcnlwdGVkLW1lZGlhOyBneXJvc2NvcGU7IHBpY3R1cmUtaW4tcGljdHVyZTsgd2ViLXNoYXJlIiByZWZlcnJlcnBvbGljeT0ic3RyaWN0LW9yaWdpbi13aGVuLWNyb3NzLW9yaWdpbiIgYWxsb3dmdWxsc2NyZWVuPjwvaWZyYW1lPjwvZGl2Pg==<\/script><\/div><\/div>\n<\/div><\/figure>\n\n\n\n<p>Anfang des Jahres 2022 wurden in Berlin lebende Streetart-K\u00fcnstler*innen dazu aufgerufen, sich mit den Themen Verpackungs- und Abfallvermeidung, Abfalltrennung und Recycling kreativ auseinanderzusetzen. Aus den eingereichten Entw\u00fcrfen w\u00e4hlte eine Jury 10 Finalist*innen aus. Anschlie\u00dfend hat die \u00d6ffentlichkeit in einem Online-Voting die drei besten Entw\u00fcrfe ermittelt. Neben dem Werk von K\u00fcnstlerin Albuquerque sind die Entw\u00fcrfe der zweit- und drittplatzierten K\u00fcnstler Sr. Pap\u00e1 Chango und Seboh Creation nun mobil unterwegs und werden auf den Seitenfl\u00e4chen der Entsorgungsfahrzeuge der Berliner Stadtreinigung (BSR) auf Berlins Stra\u00dfen zu sehen sein.&nbsp;<\/p>\n\n\n\t\t<section class=\"slider-section\" data-controls=\"true\" data-gallery=\"false\" data-lightbox=\"false\" data-download=\"false\" data-auto=\"true\">\n\t\t\t<ul id=\"module-gallery-slider-slider-block_6422b6d198001\" class=\"caption-slider\">\n\t\t\t\t\t\t\t\t\t<li class=\"slider-element\" data-thumb=\"https:\/\/urban-nation.com\/wp-content\/uploads\/2022\/07\/Trennstadt-0207_Nika_Kramer-250x250.jpg\"\n\t\t\t\t\t\tdata-src=\"https:\/\/urban-nation.com\/wp-content\/uploads\/2022\/07\/Trennstadt-0207_Nika_Kramer.jpg\">\n\t\t\t\t\t\t<div class=\"media-element\">\n\t\t\t\t\t\t\t<img loading=\"lazy\" decoding=\"async\" width=\"960\" height=\"640\" src=\"https:\/\/urban-nation.com\/wp-content\/uploads\/2022\/07\/Trennstadt-0207_Nika_Kramer-960x640.jpg\" class=\"gallery-slider-image\" alt=\"J\u00falia Mota Albuquerque (Foto: Nika Kramer)\" srcset=\"https:\/\/urban-nation.com\/wp-content\/uploads\/2022\/07\/Trennstadt-0207_Nika_Kramer-960x640.jpg 960w, https:\/\/urban-nation.com\/wp-content\/uploads\/2022\/07\/Trennstadt-0207_Nika_Kramer-640x427.jpg 640w, https:\/\/urban-nation.com\/wp-content\/uploads\/2022\/07\/Trennstadt-0207_Nika_Kramer-768x512.jpg 768w, https:\/\/urban-nation.com\/wp-content\/uploads\/2022\/07\/Trennstadt-0207_Nika_Kramer-1536x1024.jpg 1536w, https:\/\/urban-nation.com\/wp-content\/uploads\/2022\/07\/Trennstadt-0207_Nika_Kramer-1440x960.jpg 1440w, https:\/\/urban-nation.com\/wp-content\/uploads\/2022\/07\/Trennstadt-0207_Nika_Kramer.jpg 1921w\" sizes=\"auto, (max-width: 960px) 100vw, 960px\" \/>\t\t\t\t\t\t<\/div>\n\t\t\t\t\t\t<div class=\"slide-description\">\n\t\t\t\t\t\t\tJ\u00falia Mota Albuquerque (Foto: Nika Kramer)\t\t\t\t\t\t<\/div>\n\t\t\t\t\t<\/li>\n\t\t\t\t\t\t\t\t\t<li class=\"slider-element\" data-thumb=\"https:\/\/urban-nation.com\/wp-content\/uploads\/2022\/07\/Trennstadt-0104_Nika_Kramer-250x250.jpg\"\n\t\t\t\t\t\tdata-src=\"https:\/\/urban-nation.com\/wp-content\/uploads\/2022\/07\/Trennstadt-0104_Nika_Kramer.jpg\">\n\t\t\t\t\t\t<div class=\"media-element\">\n\t\t\t\t\t\t\t<img loading=\"lazy\" decoding=\"async\" width=\"960\" height=\"640\" src=\"https:\/\/urban-nation.com\/wp-content\/uploads\/2022\/07\/Trennstadt-0104_Nika_Kramer-960x640.jpg\" class=\"gallery-slider-image\" alt=\"J\u00falia Mota Albuquerque (Foto: Nika Kramer)\" srcset=\"https:\/\/urban-nation.com\/wp-content\/uploads\/2022\/07\/Trennstadt-0104_Nika_Kramer-960x640.jpg 960w, https:\/\/urban-nation.com\/wp-content\/uploads\/2022\/07\/Trennstadt-0104_Nika_Kramer-640x427.jpg 640w, https:\/\/urban-nation.com\/wp-content\/uploads\/2022\/07\/Trennstadt-0104_Nika_Kramer-768x512.jpg 768w, https:\/\/urban-nation.com\/wp-content\/uploads\/2022\/07\/Trennstadt-0104_Nika_Kramer-1536x1024.jpg 1536w, https:\/\/urban-nation.com\/wp-content\/uploads\/2022\/07\/Trennstadt-0104_Nika_Kramer-1440x960.jpg 1440w, https:\/\/urban-nation.com\/wp-content\/uploads\/2022\/07\/Trennstadt-0104_Nika_Kramer.jpg 1921w\" sizes=\"auto, (max-width: 960px) 100vw, 960px\" \/>\t\t\t\t\t\t<\/div>\n\t\t\t\t\t\t<div class=\"slide-description\">\n\t\t\t\t\t\t\tJ\u00falia Mota Albuquerque (Foto: Nika Kramer)\t\t\t\t\t\t<\/div>\n\t\t\t\t\t<\/li>\n\t\t\t\t\t\t\t\t\t<li class=\"slider-element\" data-thumb=\"https:\/\/urban-nation.com\/wp-content\/uploads\/2022\/07\/Trennstadt-0160_Nika_Kramer-250x250.jpg\"\n\t\t\t\t\t\tdata-src=\"https:\/\/urban-nation.com\/wp-content\/uploads\/2022\/07\/Trennstadt-0160_Nika_Kramer.jpg\">\n\t\t\t\t\t\t<div class=\"media-element\">\n\t\t\t\t\t\t\t<img loading=\"lazy\" decoding=\"async\" width=\"960\" height=\"640\" src=\"https:\/\/urban-nation.com\/wp-content\/uploads\/2022\/07\/Trennstadt-0160_Nika_Kramer-960x640.jpg\" class=\"gallery-slider-image\" alt=\"J\u00falia Mota Albuquerque (Foto: Nika Kramer)\" srcset=\"https:\/\/urban-nation.com\/wp-content\/uploads\/2022\/07\/Trennstadt-0160_Nika_Kramer-960x640.jpg 960w, https:\/\/urban-nation.com\/wp-content\/uploads\/2022\/07\/Trennstadt-0160_Nika_Kramer-640x427.jpg 640w, https:\/\/urban-nation.com\/wp-content\/uploads\/2022\/07\/Trennstadt-0160_Nika_Kramer-768x512.jpg 768w, https:\/\/urban-nation.com\/wp-content\/uploads\/2022\/07\/Trennstadt-0160_Nika_Kramer-1536x1024.jpg 1536w, https:\/\/urban-nation.com\/wp-content\/uploads\/2022\/07\/Trennstadt-0160_Nika_Kramer-1440x960.jpg 1440w, https:\/\/urban-nation.com\/wp-content\/uploads\/2022\/07\/Trennstadt-0160_Nika_Kramer.jpg 1921w\" sizes=\"auto, (max-width: 960px) 100vw, 960px\" \/>\t\t\t\t\t\t<\/div>\n\t\t\t\t\t\t<div class=\"slide-description\">\n\t\t\t\t\t\t\tJ\u00falia Mota Albuquerque (Foto: Nika Kramer)\t\t\t\t\t\t<\/div>\n\t\t\t\t\t<\/li>\n\t\t\t\t\t\t\t\t\t<li class=\"slider-element\" data-thumb=\"https:\/\/urban-nation.com\/wp-content\/uploads\/2022\/07\/Trennstadt-0150_Nika_Kramer-250x250.jpg\"\n\t\t\t\t\t\tdata-src=\"https:\/\/urban-nation.com\/wp-content\/uploads\/2022\/07\/Trennstadt-0150_Nika_Kramer.jpg\">\n\t\t\t\t\t\t<div class=\"media-element\">\n\t\t\t\t\t\t\t<img loading=\"lazy\" decoding=\"async\" width=\"960\" height=\"640\" src=\"https:\/\/urban-nation.com\/wp-content\/uploads\/2022\/07\/Trennstadt-0150_Nika_Kramer-960x640.jpg\" class=\"gallery-slider-image\" alt=\"\" srcset=\"https:\/\/urban-nation.com\/wp-content\/uploads\/2022\/07\/Trennstadt-0150_Nika_Kramer-960x640.jpg 960w, https:\/\/urban-nation.com\/wp-content\/uploads\/2022\/07\/Trennstadt-0150_Nika_Kramer-640x427.jpg 640w, https:\/\/urban-nation.com\/wp-content\/uploads\/2022\/07\/Trennstadt-0150_Nika_Kramer-768x512.jpg 768w, https:\/\/urban-nation.com\/wp-content\/uploads\/2022\/07\/Trennstadt-0150_Nika_Kramer-1536x1024.jpg 1536w, https:\/\/urban-nation.com\/wp-content\/uploads\/2022\/07\/Trennstadt-0150_Nika_Kramer-1440x960.jpg 1440w, https:\/\/urban-nation.com\/wp-content\/uploads\/2022\/07\/Trennstadt-0150_Nika_Kramer.jpg 1921w\" sizes=\"auto, (max-width: 960px) 100vw, 960px\" \/>\t\t\t\t\t\t<\/div>\n\t\t\t\t\t\t<div class=\"slide-description\">\n\t\t\t\t\t\t\tJ\u00falia Mota Albuquerque (Foto: Nika Kramer)\t\t\t\t\t\t<\/div>\n\t\t\t\t\t<\/li>\n\t\t\t\t\t\t\t\t\t<li class=\"slider-element\" data-thumb=\"https:\/\/urban-nation.com\/wp-content\/uploads\/2022\/07\/Street_Art17_c_BSR-250x250.jpg\"\n\t\t\t\t\t\tdata-src=\"https:\/\/urban-nation.com\/wp-content\/uploads\/2022\/07\/Street_Art17_c_BSR.jpg\">\n\t\t\t\t\t\t<div class=\"media-element\">\n\t\t\t\t\t\t\t<img loading=\"lazy\" decoding=\"async\" width=\"960\" height=\"640\" src=\"https:\/\/urban-nation.com\/wp-content\/uploads\/2022\/07\/Street_Art17_c_BSR-960x640.jpg\" class=\"gallery-slider-image\" alt=\"\" srcset=\"https:\/\/urban-nation.com\/wp-content\/uploads\/2022\/07\/Street_Art17_c_BSR-960x640.jpg 960w, https:\/\/urban-nation.com\/wp-content\/uploads\/2022\/07\/Street_Art17_c_BSR-640x427.jpg 640w, https:\/\/urban-nation.com\/wp-content\/uploads\/2022\/07\/Street_Art17_c_BSR-768x512.jpg 768w, https:\/\/urban-nation.com\/wp-content\/uploads\/2022\/07\/Street_Art17_c_BSR-1536x1024.jpg 1536w, https:\/\/urban-nation.com\/wp-content\/uploads\/2022\/07\/Street_Art17_c_BSR-1440x960.jpg 1440w, https:\/\/urban-nation.com\/wp-content\/uploads\/2022\/07\/Street_Art17_c_BSR.jpg 2021w\" sizes=\"auto, (max-width: 960px) 100vw, 960px\" \/>\t\t\t\t\t\t<\/div>\n\t\t\t\t\t\t<div class=\"slide-description\">\n\t\t\t\t\t\t\tSr. Pap\u00e1 Chango (Foto: BSR)\t\t\t\t\t\t<\/div>\n\t\t\t\t\t<\/li>\n\t\t\t\t\t\t\t\t\t<li class=\"slider-element\" data-thumb=\"https:\/\/urban-nation.com\/wp-content\/uploads\/2022\/07\/220710-UN-Trennstadt-0200_copy-2-250x250.jpg\"\n\t\t\t\t\t\tdata-src=\"https:\/\/urban-nation.com\/wp-content\/uploads\/2022\/07\/220710-UN-Trennstadt-0200_copy-2.jpg\">\n\t\t\t\t\t\t<div class=\"media-element\">\n\t\t\t\t\t\t\t<img loading=\"lazy\" decoding=\"async\" width=\"960\" height=\"686\" src=\"https:\/\/urban-nation.com\/wp-content\/uploads\/2022\/07\/220710-UN-Trennstadt-0200_copy-2-960x686.jpg\" class=\"gallery-slider-image\" alt=\"\" srcset=\"https:\/\/urban-nation.com\/wp-content\/uploads\/2022\/07\/220710-UN-Trennstadt-0200_copy-2-960x686.jpg 960w, https:\/\/urban-nation.com\/wp-content\/uploads\/2022\/07\/220710-UN-Trennstadt-0200_copy-2-640x457.jpg 640w, https:\/\/urban-nation.com\/wp-content\/uploads\/2022\/07\/220710-UN-Trennstadt-0200_copy-2-768x549.jpg 768w, https:\/\/urban-nation.com\/wp-content\/uploads\/2022\/07\/220710-UN-Trennstadt-0200_copy-2-1536x1098.jpg 1536w, https:\/\/urban-nation.com\/wp-content\/uploads\/2022\/07\/220710-UN-Trennstadt-0200_copy-2-1440x1029.jpg 1440w, https:\/\/urban-nation.com\/wp-content\/uploads\/2022\/07\/220710-UN-Trennstadt-0200_copy-2.jpg 1921w\" sizes=\"auto, (max-width: 960px) 100vw, 960px\" \/>\t\t\t\t\t\t<\/div>\n\t\t\t\t\t\t<div class=\"slide-description\">\n\t\t\t\t\t\t\tJ\u00falia Mota Albuquerque (Foto: Nika Kramer)\t\t\t\t\t\t<\/div>\n\t\t\t\t\t<\/li>\n\t\t\t\t\t\t\t<\/ul>\n\t\t<\/section>\n\t\n\n\n<p>Ausgelobt und koordiniert wurde der Streetart-Wettbewerb von der <a href=\"https:\/\/www.stiftung-naturschutz.de\/presse\/pressemitteilungen\/kunst-vs-verpackungsabfall\/\">Stiftung Naturschutz Berlin<\/a> in Kooperation mit der Berliner Stadtreinigung, der <a href=\"https:\/\/www.stiftung-berliner-leben.de\/\">Stiftung Berliner Leben<\/a> und dem URBAN NATION Museum sowie <a href=\"https:\/\/www.yesandpro.com\/project\/land-of-julia\/\">YES, AND\u2026 Productions<\/a>. Finanziert wurde er aus Mitteln des F\u00f6rderfonds <a href=\"https:\/\/trenntstadt-berlin.de\/index.html\">Trenntstadt Berlin<\/a>.&nbsp;<\/p>\n","protected":false},"excerpt":{"rendered":"<p>Es ist soweit: Der erstplatzierte Entwurf f\u00fcr den Streetart Contest \u201eMORE ART \u2013 less litter\u201c der K\u00fcnstlerin J\u00falia Mota Albuquerque wurde erfolgreich umgesetzt und damit der \u00d6ffentlichkeit \u00fcbergeben. Ihr Kunstwerk schm\u00fcckt nun eine riesige Hausfassade am Jakob-Kaiser-Platz, die von der [&hellip;]<\/p>\n","protected":false},"author":457,"featured_media":566218,"comment_status":"closed","ping_status":"closed","sticky":false,"template":"","format":"standard","meta":{"_acf_changed":false,"footnotes":""},"categories":[111,114],"tags":[],"un-event-series":[],"class_list":["post-566221","post","type-post","status-publish","format-standard","has-post-thumbnail","hentry","category-one-wall-de","category-urban-nation-de"],"acf":[],"yoast_head":"<!-- This site is optimized with the Yoast SEO plugin v24.1 - https:\/\/yoast.com\/wordpress\/plugins\/seo\/ -->\n<title>MORE ART \u2013 less litter: Neues Mural am Jakob-Kaiser-Platz von J\u00falia Mota Albuquerque &#8211; Urban Nation<\/title>\n<meta name=\"description\" content=\"Es ist soweit: Der erstplatzierte Entwurf f\u00fcr den Streetart Contest \u201eMORE ART \u2013 less litter\u201c der K\u00fcnstlerin J\u00falia Mota Albuquerque wurde erfolgreich umgesetzt und damit der \u00d6ffentlichkeit \u00fcbergeben. Ihr Kunstwerk schm\u00fcckt nun eine riesige Hausfassade am Jakob-Kaiser-Platz, die von der Wohnungsbaugesellschaft Gewobag zur Verf\u00fcgung gestellt wurde. Mit der Fertigstellung des Kunstwerks setzen die K\u00fcnstlerin und die Macher*innen des Wettbewerbs p\u00fcnktlich zum Welt\u00fcberlastungstag ein Zeichen gegen die Verschwendung von Verpackungen und f\u00fcr Abfallvermeidung. Denn mit dem heutigen Tag haben wir Menschen den Vorrat an nat\u00fcrlichen Ressourcen f\u00fcr 2022 weltweit aufgebraucht.\" \/>\n<meta name=\"robots\" content=\"index, follow, max-snippet:-1, max-image-preview:large, max-video-preview:-1\" \/>\n<link rel=\"canonical\" href=\"https:\/\/urban-nation.com\/de\/2022\/07\/more-art-less-litter-neues-mural-am-jakob-kaiser-platz-von-julia-mota-albuquerque\/\" \/>\n<meta property=\"og:locale\" content=\"de_DE\" \/>\n<meta property=\"og:type\" content=\"article\" \/>\n<meta property=\"og:title\" content=\"MORE ART \u2013 less litter: Neues Mural am Jakob-Kaiser-Platz von J\u00falia Mota Albuquerque &#8211; Urban Nation\" \/>\n<meta property=\"og:description\" content=\"Es ist soweit: Der erstplatzierte Entwurf f\u00fcr den Streetart Contest \u201eMORE ART \u2013 less litter\u201c der K\u00fcnstlerin J\u00falia Mota Albuquerque wurde erfolgreich umgesetzt und damit der \u00d6ffentlichkeit \u00fcbergeben. Ihr Kunstwerk schm\u00fcckt nun eine riesige Hausfassade am Jakob-Kaiser-Platz, die von der Wohnungsbaugesellschaft Gewobag zur Verf\u00fcgung gestellt wurde. Mit der Fertigstellung des Kunstwerks setzen die K\u00fcnstlerin und die Macher*innen des Wettbewerbs p\u00fcnktlich zum Welt\u00fcberlastungstag ein Zeichen gegen die Verschwendung von Verpackungen und f\u00fcr Abfallvermeidung. Denn mit dem heutigen Tag haben wir Menschen den Vorrat an nat\u00fcrlichen Ressourcen f\u00fcr 2022 weltweit aufgebraucht.\" \/>\n<meta property=\"og:url\" content=\"https:\/\/urban-nation.com\/de\/2022\/07\/more-art-less-litter-neues-mural-am-jakob-kaiser-platz-von-julia-mota-albuquerque\/\" \/>\n<meta property=\"og:site_name\" content=\"Urban Nation\" \/>\n<meta property=\"article:publisher\" content=\"https:\/\/www.facebook.com\/urbannationberlin\" \/>\n<meta property=\"article:published_time\" content=\"2022-07-27T10:06:25+00:00\" \/>\n<meta property=\"article:modified_time\" content=\"2026-03-30T09:43:19+00:00\" \/>\n<meta property=\"og:image\" content=\"https:\/\/urban-nation.com\/wp-content\/uploads\/2022\/07\/220710-UN-Trennstadt-0200_copy-2.jpg\" \/>\n\t<meta property=\"og:image:width\" content=\"1921\" \/>\n\t<meta property=\"og:image:height\" content=\"1373\" \/>\n\t<meta property=\"og:image:type\" content=\"image\/jpeg\" \/>\n<meta name=\"author\" content=\"Anne Schmedding\" \/>\n<script type=\"application\/ld+json\" class=\"yoast-schema-graph\">{\"@context\":\"https:\/\/schema.org\",\"@graph\":[{\"@type\":\"WebPage\",\"@id\":\"https:\/\/urban-nation.com\/de\/2022\/07\/more-art-less-litter-neues-mural-am-jakob-kaiser-platz-von-julia-mota-albuquerque\/\",\"url\":\"https:\/\/urban-nation.com\/de\/2022\/07\/more-art-less-litter-neues-mural-am-jakob-kaiser-platz-von-julia-mota-albuquerque\/\",\"name\":\"MORE ART \u2013 less litter: Neues Mural am Jakob-Kaiser-Platz von J\u00falia Mota Albuquerque &#8211; Urban Nation\",\"isPartOf\":{\"@id\":\"https:\/\/urban-nation.com\/#website\"},\"primaryImageOfPage\":{\"@id\":\"https:\/\/urban-nation.com\/de\/2022\/07\/more-art-less-litter-neues-mural-am-jakob-kaiser-platz-von-julia-mota-albuquerque\/#primaryimage\"},\"image\":{\"@id\":\"https:\/\/urban-nation.com\/de\/2022\/07\/more-art-less-litter-neues-mural-am-jakob-kaiser-platz-von-julia-mota-albuquerque\/#primaryimage\"},\"thumbnailUrl\":\"https:\/\/urban-nation.com\/wp-content\/uploads\/2022\/07\/220710-UN-Trennstadt-0200_copy-2.jpg\",\"datePublished\":\"2022-07-27T10:06:25+00:00\",\"dateModified\":\"2026-03-30T09:43:19+00:00\",\"author\":{\"@id\":\"https:\/\/urban-nation.com\/#\/schema\/person\/18fc3b03007141ea356674eb906ee8ff\"},\"description\":\"Es ist soweit: Der erstplatzierte Entwurf f\u00fcr den Streetart Contest \u201eMORE ART \u2013 less litter\u201c der K\u00fcnstlerin J\u00falia Mota Albuquerque wurde erfolgreich umgesetzt und damit der \u00d6ffentlichkeit \u00fcbergeben. Ihr Kunstwerk schm\u00fcckt nun eine riesige Hausfassade am Jakob-Kaiser-Platz, die von der Wohnungsbaugesellschaft Gewobag zur Verf\u00fcgung gestellt wurde. Mit der Fertigstellung des Kunstwerks setzen die K\u00fcnstlerin und die Macher*innen des Wettbewerbs p\u00fcnktlich zum Welt\u00fcberlastungstag ein Zeichen gegen die Verschwendung von Verpackungen und f\u00fcr Abfallvermeidung. Denn mit dem heutigen Tag haben wir Menschen den Vorrat an nat\u00fcrlichen Ressourcen f\u00fcr 2022 weltweit aufgebraucht.\",\"breadcrumb\":{\"@id\":\"https:\/\/urban-nation.com\/de\/2022\/07\/more-art-less-litter-neues-mural-am-jakob-kaiser-platz-von-julia-mota-albuquerque\/#breadcrumb\"},\"inLanguage\":\"de\",\"potentialAction\":[{\"@type\":\"ReadAction\",\"target\":[\"https:\/\/urban-nation.com\/de\/2022\/07\/more-art-less-litter-neues-mural-am-jakob-kaiser-platz-von-julia-mota-albuquerque\/\"]}]},{\"@type\":\"ImageObject\",\"inLanguage\":\"de\",\"@id\":\"https:\/\/urban-nation.com\/de\/2022\/07\/more-art-less-litter-neues-mural-am-jakob-kaiser-platz-von-julia-mota-albuquerque\/#primaryimage\",\"url\":\"https:\/\/urban-nation.com\/wp-content\/uploads\/2022\/07\/220710-UN-Trennstadt-0200_copy-2.jpg\",\"contentUrl\":\"https:\/\/urban-nation.com\/wp-content\/uploads\/2022\/07\/220710-UN-Trennstadt-0200_copy-2.jpg\",\"width\":1921,\"height\":1373},{\"@type\":\"BreadcrumbList\",\"@id\":\"https:\/\/urban-nation.com\/de\/2022\/07\/more-art-less-litter-neues-mural-am-jakob-kaiser-platz-von-julia-mota-albuquerque\/#breadcrumb\",\"itemListElement\":[{\"@type\":\"ListItem\",\"position\":1,\"name\":\"Home\",\"item\":\"https:\/\/urban-nation.com\/de\/\"},{\"@type\":\"ListItem\",\"position\":2,\"name\":\"MORE ART \u2013 less litter: Neues Mural am Jakob-Kaiser-Platz von J\u00falia Mota Albuquerque\"}]},{\"@type\":\"WebSite\",\"@id\":\"https:\/\/urban-nation.com\/#website\",\"url\":\"https:\/\/urban-nation.com\/\",\"name\":\"Urban Nation\",\"description\":\"Museum for Urban Contemporary Art\",\"potentialAction\":[{\"@type\":\"SearchAction\",\"target\":{\"@type\":\"EntryPoint\",\"urlTemplate\":\"https:\/\/urban-nation.com\/?s={search_term_string}\"},\"query-input\":{\"@type\":\"PropertyValueSpecification\",\"valueRequired\":true,\"valueName\":\"search_term_string\"}}],\"inLanguage\":\"de\"},{\"@type\":\"Person\",\"@id\":\"https:\/\/urban-nation.com\/#\/schema\/person\/18fc3b03007141ea356674eb906ee8ff\",\"name\":\"Anne Schmedding\"}]}<\/script>\n<!-- \/ Yoast SEO plugin. -->","yoast_head_json":{"title":"MORE ART \u2013 less litter: Neues Mural am Jakob-Kaiser-Platz von J\u00falia Mota Albuquerque &#8211; Urban Nation","description":"Es ist soweit: Der erstplatzierte Entwurf f\u00fcr den Streetart Contest \u201eMORE ART \u2013 less litter\u201c der K\u00fcnstlerin J\u00falia Mota Albuquerque wurde erfolgreich umgesetzt und damit der \u00d6ffentlichkeit \u00fcbergeben. Ihr Kunstwerk schm\u00fcckt nun eine riesige Hausfassade am Jakob-Kaiser-Platz, die von der Wohnungsbaugesellschaft Gewobag zur Verf\u00fcgung gestellt wurde. Mit der Fertigstellung des Kunstwerks setzen die K\u00fcnstlerin und die Macher*innen des Wettbewerbs p\u00fcnktlich zum Welt\u00fcberlastungstag ein Zeichen gegen die Verschwendung von Verpackungen und f\u00fcr Abfallvermeidung. Denn mit dem heutigen Tag haben wir Menschen den Vorrat an nat\u00fcrlichen Ressourcen f\u00fcr 2022 weltweit aufgebraucht.","robots":{"index":"index","follow":"follow","max-snippet":"max-snippet:-1","max-image-preview":"max-image-preview:large","max-video-preview":"max-video-preview:-1"},"canonical":"https:\/\/urban-nation.com\/de\/2022\/07\/more-art-less-litter-neues-mural-am-jakob-kaiser-platz-von-julia-mota-albuquerque\/","og_locale":"de_DE","og_type":"article","og_title":"MORE ART \u2013 less litter: Neues Mural am Jakob-Kaiser-Platz von J\u00falia Mota Albuquerque &#8211; Urban Nation","og_description":"Es ist soweit: Der erstplatzierte Entwurf f\u00fcr den Streetart Contest \u201eMORE ART \u2013 less litter\u201c der K\u00fcnstlerin J\u00falia Mota Albuquerque wurde erfolgreich umgesetzt und damit der \u00d6ffentlichkeit \u00fcbergeben. Ihr Kunstwerk schm\u00fcckt nun eine riesige Hausfassade am Jakob-Kaiser-Platz, die von der Wohnungsbaugesellschaft Gewobag zur Verf\u00fcgung gestellt wurde. Mit der Fertigstellung des Kunstwerks setzen die K\u00fcnstlerin und die Macher*innen des Wettbewerbs p\u00fcnktlich zum Welt\u00fcberlastungstag ein Zeichen gegen die Verschwendung von Verpackungen und f\u00fcr Abfallvermeidung. Denn mit dem heutigen Tag haben wir Menschen den Vorrat an nat\u00fcrlichen Ressourcen f\u00fcr 2022 weltweit aufgebraucht.","og_url":"https:\/\/urban-nation.com\/de\/2022\/07\/more-art-less-litter-neues-mural-am-jakob-kaiser-platz-von-julia-mota-albuquerque\/","og_site_name":"Urban Nation","article_publisher":"https:\/\/www.facebook.com\/urbannationberlin","article_published_time":"2022-07-27T10:06:25+00:00","article_modified_time":"2026-03-30T09:43:19+00:00","og_image":[{"width":1921,"height":1373,"url":"https:\/\/urban-nation.com\/wp-content\/uploads\/2022\/07\/220710-UN-Trennstadt-0200_copy-2.jpg","type":"image\/jpeg"}],"author":"Anne Schmedding","schema":{"@context":"https:\/\/schema.org","@graph":[{"@type":"WebPage","@id":"https:\/\/urban-nation.com\/de\/2022\/07\/more-art-less-litter-neues-mural-am-jakob-kaiser-platz-von-julia-mota-albuquerque\/","url":"https:\/\/urban-nation.com\/de\/2022\/07\/more-art-less-litter-neues-mural-am-jakob-kaiser-platz-von-julia-mota-albuquerque\/","name":"MORE ART \u2013 less litter: Neues Mural am Jakob-Kaiser-Platz von J\u00falia Mota Albuquerque &#8211; Urban Nation","isPartOf":{"@id":"https:\/\/urban-nation.com\/#website"},"primaryImageOfPage":{"@id":"https:\/\/urban-nation.com\/de\/2022\/07\/more-art-less-litter-neues-mural-am-jakob-kaiser-platz-von-julia-mota-albuquerque\/#primaryimage"},"image":{"@id":"https:\/\/urban-nation.com\/de\/2022\/07\/more-art-less-litter-neues-mural-am-jakob-kaiser-platz-von-julia-mota-albuquerque\/#primaryimage"},"thumbnailUrl":"https:\/\/urban-nation.com\/wp-content\/uploads\/2022\/07\/220710-UN-Trennstadt-0200_copy-2.jpg","datePublished":"2022-07-27T10:06:25+00:00","dateModified":"2026-03-30T09:43:19+00:00","author":{"@id":"https:\/\/urban-nation.com\/#\/schema\/person\/18fc3b03007141ea356674eb906ee8ff"},"description":"Es ist soweit: Der erstplatzierte Entwurf f\u00fcr den Streetart Contest \u201eMORE ART \u2013 less litter\u201c der K\u00fcnstlerin J\u00falia Mota Albuquerque wurde erfolgreich umgesetzt und damit der \u00d6ffentlichkeit \u00fcbergeben. Ihr Kunstwerk schm\u00fcckt nun eine riesige Hausfassade am Jakob-Kaiser-Platz, die von der Wohnungsbaugesellschaft Gewobag zur Verf\u00fcgung gestellt wurde. Mit der Fertigstellung des Kunstwerks setzen die K\u00fcnstlerin und die Macher*innen des Wettbewerbs p\u00fcnktlich zum Welt\u00fcberlastungstag ein Zeichen gegen die Verschwendung von Verpackungen und f\u00fcr Abfallvermeidung. Denn mit dem heutigen Tag haben wir Menschen den Vorrat an nat\u00fcrlichen Ressourcen f\u00fcr 2022 weltweit aufgebraucht.","breadcrumb":{"@id":"https:\/\/urban-nation.com\/de\/2022\/07\/more-art-less-litter-neues-mural-am-jakob-kaiser-platz-von-julia-mota-albuquerque\/#breadcrumb"},"inLanguage":"de","potentialAction":[{"@type":"ReadAction","target":["https:\/\/urban-nation.com\/de\/2022\/07\/more-art-less-litter-neues-mural-am-jakob-kaiser-platz-von-julia-mota-albuquerque\/"]}]},{"@type":"ImageObject","inLanguage":"de","@id":"https:\/\/urban-nation.com\/de\/2022\/07\/more-art-less-litter-neues-mural-am-jakob-kaiser-platz-von-julia-mota-albuquerque\/#primaryimage","url":"https:\/\/urban-nation.com\/wp-content\/uploads\/2022\/07\/220710-UN-Trennstadt-0200_copy-2.jpg","contentUrl":"https:\/\/urban-nation.com\/wp-content\/uploads\/2022\/07\/220710-UN-Trennstadt-0200_copy-2.jpg","width":1921,"height":1373},{"@type":"BreadcrumbList","@id":"https:\/\/urban-nation.com\/de\/2022\/07\/more-art-less-litter-neues-mural-am-jakob-kaiser-platz-von-julia-mota-albuquerque\/#breadcrumb","itemListElement":[{"@type":"ListItem","position":1,"name":"Home","item":"https:\/\/urban-nation.com\/de\/"},{"@type":"ListItem","position":2,"name":"MORE ART \u2013 less litter: Neues Mural am Jakob-Kaiser-Platz von J\u00falia Mota Albuquerque"}]},{"@type":"WebSite","@id":"https:\/\/urban-nation.com\/#website","url":"https:\/\/urban-nation.com\/","name":"Urban Nation","description":"Museum for Urban Contemporary Art","potentialAction":[{"@type":"SearchAction","target":{"@type":"EntryPoint","urlTemplate":"https:\/\/urban-nation.com\/?s={search_term_string}"},"query-input":{"@type":"PropertyValueSpecification","valueRequired":true,"valueName":"search_term_string"}}],"inLanguage":"de"},{"@type":"Person","@id":"https:\/\/urban-nation.com\/#\/schema\/person\/18fc3b03007141ea356674eb906ee8ff","name":"Anne Schmedding"}]}},"_links":{"self":[{"href":"https:\/\/urban-nation.com\/de\/wp-json\/wp\/v2\/posts\/566221","targetHints":{"allow":["GET"]}}],"collection":[{"href":"https:\/\/urban-nation.com\/de\/wp-json\/wp\/v2\/posts"}],"about":[{"href":"https:\/\/urban-nation.com\/de\/wp-json\/wp\/v2\/types\/post"}],"author":[{"embeddable":true,"href":"https:\/\/urban-nation.com\/de\/wp-json\/wp\/v2\/users\/457"}],"replies":[{"embeddable":true,"href":"https:\/\/urban-nation.com\/de\/wp-json\/wp\/v2\/comments?post=566221"}],"version-history":[{"count":3,"href":"https:\/\/urban-nation.com\/de\/wp-json\/wp\/v2\/posts\/566221\/revisions"}],"predecessor-version":[{"id":570624,"href":"https:\/\/urban-nation.com\/de\/wp-json\/wp\/v2\/posts\/566221\/revisions\/570624"}],"wp:featuredmedia":[{"embeddable":true,"href":"https:\/\/urban-nation.com\/de\/wp-json\/wp\/v2\/media\/566218"}],"wp:attachment":[{"href":"https:\/\/urban-nation.com\/de\/wp-json\/wp\/v2\/media?parent=566221"}],"wp:term":[{"taxonomy":"category","embeddable":true,"href":"https:\/\/urban-nation.com\/de\/wp-json\/wp\/v2\/categories?post=566221"},{"taxonomy":"post_tag","embeddable":true,"href":"https:\/\/urban-nation.com\/de\/wp-json\/wp\/v2\/tags?post=566221"},{"taxonomy":"un-event-series","embeddable":true,"href":"https:\/\/urban-nation.com\/de\/wp-json\/wp\/v2\/un-event-series?post=566221"}],"curies":[{"name":"wp","href":"https:\/\/api.w.org\/{rel}","templated":true}]}}