{"id":577912,"date":"2024-11-01T13:04:55","date_gmt":"2024-11-01T12:04:55","guid":{"rendered":"https:\/\/urban-nation.com\/?p=577912"},"modified":"2025-04-10T10:19:47","modified_gmt":"2025-04-10T08:19:47","slug":"mcl-presents-5-art-and-public-space","status":"publish","type":"post","link":"https:\/\/urban-nation.com\/de\/2024\/11\/mcl-presents-5-art-and-public-space\/","title":{"rendered":"MCL PRESENTS #5"},"content":{"rendered":"\n<p><strong>Stadt im Wandel. K\u00fcnstlerische Reaktionen auf urbane Ver\u00e4nderungen<\/strong><\/p>\n\n\n\n<p><strong>Podiumsdiskussion<\/strong> mit Marc Hennig, Christian Rothenhagen und Cornelia Thiele, moderiert von Nicholas Ganz<\/p>\n\n\n\n<p><strong>Datum<\/strong>: 4. Dezember 2024<br><strong>Uhrzeit<\/strong>: 18 Uhr<br><strong>Ort<\/strong>: URBAN NATION Museum, B\u00fclowstr. 7, 10783 Berlin<\/p>\n\n\n\n<p>Eintritt frei \/ Anmeldung nicht erforderlich<\/p>\n\n\n\n<p>Wem geh\u00f6rt die Stadt? Viele Akteure wirken im urbanen Raum und beanspruchen ihn f\u00fcr sich. Zum Teil laufen die Vorstellungen und Umsetzungen kontr\u00e4r zur Lebensrealit\u00e4t der Bewohner und es kommt zu Konflikten, Gentrifizierung und Verdr\u00e4ngung. Oft geschehen diese Ver\u00e4nderungen ohne die demokratische Beteiligung von Anwohnern. Dagegen agiert Kunst, die sich mit Stadtraum auseinandersetzt, au\u00dferhalb dieses Machtgef\u00fcges und gestaltet \u2013 meist ungefragt \u2013 den \u00f6ffentlichen Raum. Sie kann eine ungewollte Inanspruchnahme oder eine offene Kritik an den Machtverh\u00e4ltnissen sein.<\/p>\n\n\n\n<p>Gerade Berlin war durch die Mauer, die die Stadt \u00fcber fast 40 Jahre physisch und symbolisch teilte, im Fokus k\u00fcnstlerischer Auseinandersetzungen. In der aktuellen Ausgabe von MCL presents #5 werfen wir einen genaueren Blick auf historische und aktuelle k\u00fcnstlerische Perspektiven und ihre Reflexionen \u00fcber den urbanen Wandel.<\/p>\n\n\n\n<p>Nicholas Ganz moderiert das Gespr\u00e4ch mit Christian Rothenhagen\/deerBLN, der seinen pers\u00f6nlich-k\u00fcnstlerischen Blick auf die Ver\u00e4nderungen in der Stadt teilt, Cornelia Thiele, die als Kuratorin der Berliner Stiftung Berliner Mauer \u00fcber Bedeutung und Rezeption der Mauerkunst spricht, und Marco Hennig, der als K\u00fcnstler von seinen Projekten im \u00f6ffentlichen Raum berichtet.<\/p>\n\n\n\n<p><strong>Podium<\/strong><\/p>\n\n\n\n<p><strong>Nicholas Ganz<\/strong> arbeitet als freier K\u00fcnstler und Autor in Berlin. Er malte 1994 seine ersten Graffiti und ver\u00f6ffentlichte zehn Jahre sp\u00e4ter sein erstes Buch \u201eGraffiti World\u201c, welches ein internationaler Bestseller wurde. In seinem k\u00fcnstlerischen Werk setzt er sich vor allem mit Gegens\u00e4tzen auseinander. Sowohl in der Wahl der Techniken, bei der er klassische \u00d6lmalerei mit den Ausdrucksformen der Streetart verbindet, als auch in den gew\u00e4hlten Themen, in denen er die Kontraste des menschlichen Lebens portraitiert.<\/p>\n\n\n\n<p><strong>Christian Rothenhagen<\/strong>\/deerBLN ist freier K\u00fcnstler, Gestalter, und Autor, aufgewachsen in Berlin. Bekannt wurde er f\u00fcr seine konzeptionellen, Architektur-fokussierten Zeichnungen, Installationen, und Murals, die den urbanen Wandel als Momentaufnahmen einer Stadt zeigen. Seine Kunst ist vornehmlich in Galerien und Museen sowie etwas versteckt im urbanen Raum zu sehen. Seit \u00fcber 20 Jahren werden seine Arbeiten in Solo- und Gruppenshows in Europa, den USA, Kanada, Libanon, China und Japan ausgestellt. 2023 erschienen sein Buch \u201eF\u00fcr immer ist morgen vorbei\u201c, in dem er von Erinnerungen an Freundschaften, Begegnungen, Entt\u00e4uschungen und Erfolge erz\u00e4hlt.<\/p>\n\n\n\n<p><strong>Cornelia Thiele<\/strong> ist Historikerin und Kuratorin mit den Schwerpunkten Zeitgeschichte nach 1945, Demokratieentwicklung, Flucht und Migration. Sie hat in verschiedenen Museen zeithistorische Ausstellungen umgesetzt und in den vergangenen Jahren vor allem digitale Vermittlungsformate entwickelt. Seit 2022 ist sie die Kuratorin Sammlung und Archiv der Stiftung Berliner Mauer. Gemeinsam mit ihrer Kollegin Lysette Laffin hat sie das Ausstellungsexponat zur Kunst der Berliner Mauer in der aktuellen Ausstellung \u201eLove Letters to the City\u201c im URBAN NATION beigetragen.<\/p>\n\n\n\n<p><strong>Marc Hennig<\/strong> AKA <a href=\"https:\/\/www.instagram.com\/aepe152\/\">APE 152<\/a> lebt und arbeitet seit den 80er Jahren als K\u00fcnstler in D\u00fcsseldorf, bevorzugt im \u00f6ffentlichen Raum. Zusammen mit seinem Bruder gr\u00fcndete er die K\u00fcnstlergruppe <a href=\"http:\/\/majobrothers.de\/\">Majobrothers<\/a>. Dabei sind seine Arbeitsschwerpunkte Malerei, Illustration, Grafik, Holzobjekte und Kulisse.Seit 2007 ist er als Organisator und Kurator verschiedener Ausstellungen, welche in tempor\u00e4ren Zwischennutzungen und im \u00f6ffentlichen Raum statt. In 2010 gr\u00fcndete er zudem den Verein <a href=\"https:\/\/verbunt-ev.de\/\">Verbunt-Jugendkunst D\u00fcsseldorf e.V..<\/a><\/p>\n\n\n\t\t<section class=\"slider-section\" data-controls=\"true\" data-gallery=\"false\" data-lightbox=\"false\" data-download=\"false\" data-auto=\"true\">\n\t\t\t<ul id=\"module-gallery-slider-slider-block_674cd21be81ff\" class=\"caption-slider\">\n\t\t\t\t\t\t\t\t\t<li class=\"slider-element\" data-thumb=\"https:\/\/urban-nation.com\/wp-content\/uploads\/2024\/11\/\u00a9Nicholas-Ganz_For-the-Record-e1732110401277-250x250.jpg\"\n\t\t\t\t\t\tdata-src=\"https:\/\/urban-nation.com\/wp-content\/uploads\/2024\/11\/\u00a9Nicholas-Ganz_For-the-Record-e1732110401277.jpg\">\n\t\t\t\t\t\t<div class=\"media-element\">\n\t\t\t\t\t\t\t<img loading=\"lazy\" decoding=\"async\" width=\"960\" height=\"598\" src=\"https:\/\/urban-nation.com\/wp-content\/uploads\/2024\/11\/\u00a9Nicholas-Ganz_For-the-Record-e1732110401277-960x598.jpg\" class=\"gallery-slider-image\" alt=\"\" srcset=\"https:\/\/urban-nation.com\/wp-content\/uploads\/2024\/11\/\u00a9Nicholas-Ganz_For-the-Record-e1732110401277-960x598.jpg 960w, https:\/\/urban-nation.com\/wp-content\/uploads\/2024\/11\/\u00a9Nicholas-Ganz_For-the-Record-e1732110401277-640x399.jpg 640w, https:\/\/urban-nation.com\/wp-content\/uploads\/2024\/11\/\u00a9Nicholas-Ganz_For-the-Record-e1732110401277-768x478.jpg 768w, https:\/\/urban-nation.com\/wp-content\/uploads\/2024\/11\/\u00a9Nicholas-Ganz_For-the-Record-e1732110401277-1536x957.jpg 1536w, https:\/\/urban-nation.com\/wp-content\/uploads\/2024\/11\/\u00a9Nicholas-Ganz_For-the-Record-e1732110401277-2048x1276.jpg 2048w, https:\/\/urban-nation.com\/wp-content\/uploads\/2024\/11\/\u00a9Nicholas-Ganz_For-the-Record-e1732110401277-1440x897.jpg 1440w\" sizes=\"auto, (max-width: 960px) 100vw, 960px\" \/>\t\t\t\t\t\t<\/div>\n\t\t\t\t\t\t<div class=\"slide-description\">\n\t\t\t\t\t\t\tNicholas Ganz, For the Record\t\t\t\t\t\t<\/div>\n\t\t\t\t\t<\/li>\n\t\t\t\t\t\t\t\t\t<li class=\"slider-element\" data-thumb=\"https:\/\/urban-nation.com\/wp-content\/uploads\/2024\/11\/\u00a9ChristianRothenhagen-deerbln_3_turmstr_kleinerTIERGARTEN_earthTones-250x250.jpeg\"\n\t\t\t\t\t\tdata-src=\"https:\/\/urban-nation.com\/wp-content\/uploads\/2024\/11\/\u00a9ChristianRothenhagen-deerbln_3_turmstr_kleinerTIERGARTEN_earthTones.jpeg\">\n\t\t\t\t\t\t<div class=\"media-element\">\n\t\t\t\t\t\t\t<img loading=\"lazy\" decoding=\"async\" width=\"960\" height=\"683\" src=\"https:\/\/urban-nation.com\/wp-content\/uploads\/2024\/11\/\u00a9ChristianRothenhagen-deerbln_3_turmstr_kleinerTIERGARTEN_earthTones-960x683.jpeg\" class=\"gallery-slider-image\" alt=\"\" srcset=\"https:\/\/urban-nation.com\/wp-content\/uploads\/2024\/11\/\u00a9ChristianRothenhagen-deerbln_3_turmstr_kleinerTIERGARTEN_earthTones-960x683.jpeg 960w, https:\/\/urban-nation.com\/wp-content\/uploads\/2024\/11\/\u00a9ChristianRothenhagen-deerbln_3_turmstr_kleinerTIERGARTEN_earthTones-640x456.jpeg 640w, https:\/\/urban-nation.com\/wp-content\/uploads\/2024\/11\/\u00a9ChristianRothenhagen-deerbln_3_turmstr_kleinerTIERGARTEN_earthTones-768x547.jpeg 768w, https:\/\/urban-nation.com\/wp-content\/uploads\/2024\/11\/\u00a9ChristianRothenhagen-deerbln_3_turmstr_kleinerTIERGARTEN_earthTones.jpeg 1280w\" sizes=\"auto, (max-width: 960px) 100vw, 960px\" \/>\t\t\t\t\t\t<\/div>\n\t\t\t\t\t\t<div class=\"slide-description\">\n\t\t\t\t\t\t\tChristian Rothenhagen\/deerbln\t\t\t\t\t\t<\/div>\n\t\t\t\t\t<\/li>\n\t\t\t\t\t\t\t\t\t<li class=\"slider-element\" data-thumb=\"https:\/\/urban-nation.com\/wp-content\/uploads\/2024\/11\/\u00a9Stiftung-Berliner-Mauer_Foto-Anna-von-Arnim-Rosenthal-scaled-e1732110485194-250x250.jpg\"\n\t\t\t\t\t\tdata-src=\"https:\/\/urban-nation.com\/wp-content\/uploads\/2024\/11\/\u00a9Stiftung-Berliner-Mauer_Foto-Anna-von-Arnim-Rosenthal-scaled-e1732110485194.jpg\">\n\t\t\t\t\t\t<div class=\"media-element\">\n\t\t\t\t\t\t\t<img loading=\"lazy\" decoding=\"async\" width=\"960\" height=\"544\" src=\"https:\/\/urban-nation.com\/wp-content\/uploads\/2024\/11\/\u00a9Stiftung-Berliner-Mauer_Foto-Anna-von-Arnim-Rosenthal-scaled-e1732110485194-960x544.jpg\" class=\"gallery-slider-image\" alt=\"\" srcset=\"https:\/\/urban-nation.com\/wp-content\/uploads\/2024\/11\/\u00a9Stiftung-Berliner-Mauer_Foto-Anna-von-Arnim-Rosenthal-scaled-e1732110485194-960x544.jpg 960w, https:\/\/urban-nation.com\/wp-content\/uploads\/2024\/11\/\u00a9Stiftung-Berliner-Mauer_Foto-Anna-von-Arnim-Rosenthal-scaled-e1732110485194-640x363.jpg 640w, https:\/\/urban-nation.com\/wp-content\/uploads\/2024\/11\/\u00a9Stiftung-Berliner-Mauer_Foto-Anna-von-Arnim-Rosenthal-scaled-e1732110485194-768x435.jpg 768w, https:\/\/urban-nation.com\/wp-content\/uploads\/2024\/11\/\u00a9Stiftung-Berliner-Mauer_Foto-Anna-von-Arnim-Rosenthal-scaled-e1732110485194-1536x870.jpg 1536w, https:\/\/urban-nation.com\/wp-content\/uploads\/2024\/11\/\u00a9Stiftung-Berliner-Mauer_Foto-Anna-von-Arnim-Rosenthal-scaled-e1732110485194-2048x1160.jpg 2048w, https:\/\/urban-nation.com\/wp-content\/uploads\/2024\/11\/\u00a9Stiftung-Berliner-Mauer_Foto-Anna-von-Arnim-Rosenthal-scaled-e1732110485194-1440x816.jpg 1440w\" sizes=\"auto, (max-width: 960px) 100vw, 960px\" \/>\t\t\t\t\t\t<\/div>\n\t\t\t\t\t\t<div class=\"slide-description\">\n\t\t\t\t\t\t\tStiftung Berliner Mauer, Foto Anna von Arnim-Rosenthal\t\t\t\t\t\t<\/div>\n\t\t\t\t\t<\/li>\n\t\t\t\t\t\t\t\t\t<li class=\"slider-element\" data-thumb=\"https:\/\/urban-nation.com\/wp-content\/uploads\/2024\/11\/Hennig-1-250x250.jpg\"\n\t\t\t\t\t\tdata-src=\"https:\/\/urban-nation.com\/wp-content\/uploads\/2024\/11\/Hennig-1.jpg\">\n\t\t\t\t\t\t<div class=\"media-element\">\n\t\t\t\t\t\t\t<img loading=\"lazy\" decoding=\"async\" width=\"950\" height=\"645\" src=\"https:\/\/urban-nation.com\/wp-content\/uploads\/2024\/11\/Hennig-1.jpg\" class=\"gallery-slider-image\" alt=\"\" srcset=\"https:\/\/urban-nation.com\/wp-content\/uploads\/2024\/11\/Hennig-1.jpg 950w, https:\/\/urban-nation.com\/wp-content\/uploads\/2024\/11\/Hennig-1-640x435.jpg 640w, https:\/\/urban-nation.com\/wp-content\/uploads\/2024\/11\/Hennig-1-768x521.jpg 768w\" sizes=\"auto, (max-width: 950px) 100vw, 950px\" \/>\t\t\t\t\t\t<\/div>\n\t\t\t\t\t\t<div class=\"slide-description\">\n\t\t\t\t\t\t\tMarc Hennig\/ APE 152\t\t\t\t\t\t<\/div>\n\t\t\t\t\t<\/li>\n\t\t\t\t\t\t\t<\/ul>\n\t\t<\/section>\n\t","protected":false},"excerpt":{"rendered":"<p>Nicolas Ganz moderiert MCL PRESENTS #5, mit Marc Hennig, Christian Rothenhagen und Cornelia Thiele von der Stiftung Berliner Mauer.<\/p>\n","protected":false},"author":457,"featured_media":578472,"comment_status":"closed","ping_status":"closed","sticky":false,"template":"","format":"standard","meta":{"_acf_changed":false,"footnotes":""},"categories":[378,114],"tags":[],"un-event-series":[366,400,216,453],"class_list":["post-577912","post","type-post","status-publish","format-standard","has-post-thumbnail","hentry","category-martha-cooper-library-de","category-urban-nation-de","un-event-series-fresh-a-i-r-3","un-event-series-mcl-presents","un-event-series-un-museum-event","un-event-series-un-museum-event-2024"],"acf":[],"yoast_head":"<!-- This site is optimized with the Yoast SEO plugin v24.1 - https:\/\/yoast.com\/wordpress\/plugins\/seo\/ -->\n<title>MCL PRESENTS #5 &#8211; Urban Nation<\/title>\n<meta name=\"description\" content=\"Wem geh\u00f6rt die Stadt? Viele Akteure wirken im urbanen Raum und beanspruchen ihn f\u00fcr sich. Zum Teil laufen die Vorstellungen und Umsetzungen kontr\u00e4r zur Lebensrealit\u00e4t der Bewohner und es kommt zu Konflikten, Gentrifizierung und Verdr\u00e4ngung. Oft geschehen diese Ver\u00e4nderungen ohne die demokratische Beteiligung von Anwohnern. Dagegen agiert Kunst, die sich mit Stadtraum auseinandersetzt, au\u00dferhalb dieses Machtgef\u00fcges und gestaltet \u2013 meist ungefragt \u2013 den \u00f6ffentlichen Raum. Sie kann eine ungewollte Inanspruchnahme oder eine offene Kritik an den Machtverh\u00e4ltnissen sein.\" \/>\n<meta name=\"robots\" content=\"index, follow, max-snippet:-1, max-image-preview:large, max-video-preview:-1\" \/>\n<link rel=\"canonical\" href=\"https:\/\/urban-nation.com\/de\/2024\/11\/mcl-presents-5-art-and-public-space\/\" \/>\n<meta property=\"og:locale\" content=\"de_DE\" \/>\n<meta property=\"og:type\" content=\"article\" \/>\n<meta property=\"og:title\" content=\"MCL PRESENTS #5 &#8211; Urban Nation\" \/>\n<meta property=\"og:description\" content=\"Wem geh\u00f6rt die Stadt? Viele Akteure wirken im urbanen Raum und beanspruchen ihn f\u00fcr sich. Zum Teil laufen die Vorstellungen und Umsetzungen kontr\u00e4r zur Lebensrealit\u00e4t der Bewohner und es kommt zu Konflikten, Gentrifizierung und Verdr\u00e4ngung. Oft geschehen diese Ver\u00e4nderungen ohne die demokratische Beteiligung von Anwohnern. Dagegen agiert Kunst, die sich mit Stadtraum auseinandersetzt, au\u00dferhalb dieses Machtgef\u00fcges und gestaltet \u2013 meist ungefragt \u2013 den \u00f6ffentlichen Raum. Sie kann eine ungewollte Inanspruchnahme oder eine offene Kritik an den Machtverh\u00e4ltnissen sein.\" \/>\n<meta property=\"og:url\" content=\"https:\/\/urban-nation.com\/de\/2024\/11\/mcl-presents-5-art-and-public-space\/\" \/>\n<meta property=\"og:site_name\" content=\"Urban Nation\" \/>\n<meta property=\"article:publisher\" content=\"https:\/\/www.facebook.com\/urbannationberlin\" \/>\n<meta property=\"article:published_time\" content=\"2024-11-01T12:04:55+00:00\" \/>\n<meta property=\"article:modified_time\" content=\"2025-04-10T08:19:47+00:00\" \/>\n<meta property=\"og:image\" content=\"https:\/\/urban-nation.com\/wp-content\/uploads\/2024\/11\/MCL5.jpg\" \/>\n\t<meta property=\"og:image:width\" content=\"1440\" \/>\n\t<meta property=\"og:image:height\" content=\"675\" \/>\n\t<meta property=\"og:image:type\" content=\"image\/jpeg\" \/>\n<meta name=\"author\" content=\"Anne Schmedding\" \/>\n<script type=\"application\/ld+json\" class=\"yoast-schema-graph\">{\"@context\":\"https:\/\/schema.org\",\"@graph\":[{\"@type\":\"WebPage\",\"@id\":\"https:\/\/urban-nation.com\/de\/2024\/11\/mcl-presents-5-art-and-public-space\/\",\"url\":\"https:\/\/urban-nation.com\/de\/2024\/11\/mcl-presents-5-art-and-public-space\/\",\"name\":\"MCL PRESENTS #5 &#8211; Urban Nation\",\"isPartOf\":{\"@id\":\"https:\/\/urban-nation.com\/#website\"},\"primaryImageOfPage\":{\"@id\":\"https:\/\/urban-nation.com\/de\/2024\/11\/mcl-presents-5-art-and-public-space\/#primaryimage\"},\"image\":{\"@id\":\"https:\/\/urban-nation.com\/de\/2024\/11\/mcl-presents-5-art-and-public-space\/#primaryimage\"},\"thumbnailUrl\":\"https:\/\/urban-nation.com\/wp-content\/uploads\/2024\/11\/MCL5.jpg\",\"datePublished\":\"2024-11-01T12:04:55+00:00\",\"dateModified\":\"2025-04-10T08:19:47+00:00\",\"author\":{\"@id\":\"https:\/\/urban-nation.com\/#\/schema\/person\/18fc3b03007141ea356674eb906ee8ff\"},\"description\":\"Wem geh\u00f6rt die Stadt? Viele Akteure wirken im urbanen Raum und beanspruchen ihn f\u00fcr sich. Zum Teil laufen die Vorstellungen und Umsetzungen kontr\u00e4r zur Lebensrealit\u00e4t der Bewohner und es kommt zu Konflikten, Gentrifizierung und Verdr\u00e4ngung. Oft geschehen diese Ver\u00e4nderungen ohne die demokratische Beteiligung von Anwohnern. Dagegen agiert Kunst, die sich mit Stadtraum auseinandersetzt, au\u00dferhalb dieses Machtgef\u00fcges und gestaltet \u2013 meist ungefragt \u2013 den \u00f6ffentlichen Raum. Sie kann eine ungewollte Inanspruchnahme oder eine offene Kritik an den Machtverh\u00e4ltnissen sein.\",\"breadcrumb\":{\"@id\":\"https:\/\/urban-nation.com\/de\/2024\/11\/mcl-presents-5-art-and-public-space\/#breadcrumb\"},\"inLanguage\":\"de\",\"potentialAction\":[{\"@type\":\"ReadAction\",\"target\":[\"https:\/\/urban-nation.com\/de\/2024\/11\/mcl-presents-5-art-and-public-space\/\"]}]},{\"@type\":\"ImageObject\",\"inLanguage\":\"de\",\"@id\":\"https:\/\/urban-nation.com\/de\/2024\/11\/mcl-presents-5-art-and-public-space\/#primaryimage\",\"url\":\"https:\/\/urban-nation.com\/wp-content\/uploads\/2024\/11\/MCL5.jpg\",\"contentUrl\":\"https:\/\/urban-nation.com\/wp-content\/uploads\/2024\/11\/MCL5.jpg\",\"width\":1440,\"height\":675},{\"@type\":\"BreadcrumbList\",\"@id\":\"https:\/\/urban-nation.com\/de\/2024\/11\/mcl-presents-5-art-and-public-space\/#breadcrumb\",\"itemListElement\":[{\"@type\":\"ListItem\",\"position\":1,\"name\":\"Home\",\"item\":\"https:\/\/urban-nation.com\/de\/\"},{\"@type\":\"ListItem\",\"position\":2,\"name\":\"MCL PRESENTS #5\"}]},{\"@type\":\"WebSite\",\"@id\":\"https:\/\/urban-nation.com\/#website\",\"url\":\"https:\/\/urban-nation.com\/\",\"name\":\"Urban Nation\",\"description\":\"Museum for Urban Contemporary Art\",\"potentialAction\":[{\"@type\":\"SearchAction\",\"target\":{\"@type\":\"EntryPoint\",\"urlTemplate\":\"https:\/\/urban-nation.com\/?s={search_term_string}\"},\"query-input\":{\"@type\":\"PropertyValueSpecification\",\"valueRequired\":true,\"valueName\":\"search_term_string\"}}],\"inLanguage\":\"de\"},{\"@type\":\"Person\",\"@id\":\"https:\/\/urban-nation.com\/#\/schema\/person\/18fc3b03007141ea356674eb906ee8ff\",\"name\":\"Anne Schmedding\"}]}<\/script>\n<!-- \/ Yoast SEO plugin. -->","yoast_head_json":{"title":"MCL PRESENTS #5 &#8211; Urban Nation","description":"Wem geh\u00f6rt die Stadt? Viele Akteure wirken im urbanen Raum und beanspruchen ihn f\u00fcr sich. Zum Teil laufen die Vorstellungen und Umsetzungen kontr\u00e4r zur Lebensrealit\u00e4t der Bewohner und es kommt zu Konflikten, Gentrifizierung und Verdr\u00e4ngung. Oft geschehen diese Ver\u00e4nderungen ohne die demokratische Beteiligung von Anwohnern. Dagegen agiert Kunst, die sich mit Stadtraum auseinandersetzt, au\u00dferhalb dieses Machtgef\u00fcges und gestaltet \u2013 meist ungefragt \u2013 den \u00f6ffentlichen Raum. Sie kann eine ungewollte Inanspruchnahme oder eine offene Kritik an den Machtverh\u00e4ltnissen sein.","robots":{"index":"index","follow":"follow","max-snippet":"max-snippet:-1","max-image-preview":"max-image-preview:large","max-video-preview":"max-video-preview:-1"},"canonical":"https:\/\/urban-nation.com\/de\/2024\/11\/mcl-presents-5-art-and-public-space\/","og_locale":"de_DE","og_type":"article","og_title":"MCL PRESENTS #5 &#8211; Urban Nation","og_description":"Wem geh\u00f6rt die Stadt? Viele Akteure wirken im urbanen Raum und beanspruchen ihn f\u00fcr sich. Zum Teil laufen die Vorstellungen und Umsetzungen kontr\u00e4r zur Lebensrealit\u00e4t der Bewohner und es kommt zu Konflikten, Gentrifizierung und Verdr\u00e4ngung. Oft geschehen diese Ver\u00e4nderungen ohne die demokratische Beteiligung von Anwohnern. Dagegen agiert Kunst, die sich mit Stadtraum auseinandersetzt, au\u00dferhalb dieses Machtgef\u00fcges und gestaltet \u2013 meist ungefragt \u2013 den \u00f6ffentlichen Raum. Sie kann eine ungewollte Inanspruchnahme oder eine offene Kritik an den Machtverh\u00e4ltnissen sein.","og_url":"https:\/\/urban-nation.com\/de\/2024\/11\/mcl-presents-5-art-and-public-space\/","og_site_name":"Urban Nation","article_publisher":"https:\/\/www.facebook.com\/urbannationberlin","article_published_time":"2024-11-01T12:04:55+00:00","article_modified_time":"2025-04-10T08:19:47+00:00","og_image":[{"width":1440,"height":675,"url":"https:\/\/urban-nation.com\/wp-content\/uploads\/2024\/11\/MCL5.jpg","type":"image\/jpeg"}],"author":"Anne Schmedding","schema":{"@context":"https:\/\/schema.org","@graph":[{"@type":"WebPage","@id":"https:\/\/urban-nation.com\/de\/2024\/11\/mcl-presents-5-art-and-public-space\/","url":"https:\/\/urban-nation.com\/de\/2024\/11\/mcl-presents-5-art-and-public-space\/","name":"MCL PRESENTS #5 &#8211; Urban Nation","isPartOf":{"@id":"https:\/\/urban-nation.com\/#website"},"primaryImageOfPage":{"@id":"https:\/\/urban-nation.com\/de\/2024\/11\/mcl-presents-5-art-and-public-space\/#primaryimage"},"image":{"@id":"https:\/\/urban-nation.com\/de\/2024\/11\/mcl-presents-5-art-and-public-space\/#primaryimage"},"thumbnailUrl":"https:\/\/urban-nation.com\/wp-content\/uploads\/2024\/11\/MCL5.jpg","datePublished":"2024-11-01T12:04:55+00:00","dateModified":"2025-04-10T08:19:47+00:00","author":{"@id":"https:\/\/urban-nation.com\/#\/schema\/person\/18fc3b03007141ea356674eb906ee8ff"},"description":"Wem geh\u00f6rt die Stadt? Viele Akteure wirken im urbanen Raum und beanspruchen ihn f\u00fcr sich. Zum Teil laufen die Vorstellungen und Umsetzungen kontr\u00e4r zur Lebensrealit\u00e4t der Bewohner und es kommt zu Konflikten, Gentrifizierung und Verdr\u00e4ngung. Oft geschehen diese Ver\u00e4nderungen ohne die demokratische Beteiligung von Anwohnern. Dagegen agiert Kunst, die sich mit Stadtraum auseinandersetzt, au\u00dferhalb dieses Machtgef\u00fcges und gestaltet \u2013 meist ungefragt \u2013 den \u00f6ffentlichen Raum. Sie kann eine ungewollte Inanspruchnahme oder eine offene Kritik an den Machtverh\u00e4ltnissen sein.","breadcrumb":{"@id":"https:\/\/urban-nation.com\/de\/2024\/11\/mcl-presents-5-art-and-public-space\/#breadcrumb"},"inLanguage":"de","potentialAction":[{"@type":"ReadAction","target":["https:\/\/urban-nation.com\/de\/2024\/11\/mcl-presents-5-art-and-public-space\/"]}]},{"@type":"ImageObject","inLanguage":"de","@id":"https:\/\/urban-nation.com\/de\/2024\/11\/mcl-presents-5-art-and-public-space\/#primaryimage","url":"https:\/\/urban-nation.com\/wp-content\/uploads\/2024\/11\/MCL5.jpg","contentUrl":"https:\/\/urban-nation.com\/wp-content\/uploads\/2024\/11\/MCL5.jpg","width":1440,"height":675},{"@type":"BreadcrumbList","@id":"https:\/\/urban-nation.com\/de\/2024\/11\/mcl-presents-5-art-and-public-space\/#breadcrumb","itemListElement":[{"@type":"ListItem","position":1,"name":"Home","item":"https:\/\/urban-nation.com\/de\/"},{"@type":"ListItem","position":2,"name":"MCL PRESENTS #5"}]},{"@type":"WebSite","@id":"https:\/\/urban-nation.com\/#website","url":"https:\/\/urban-nation.com\/","name":"Urban Nation","description":"Museum for Urban Contemporary Art","potentialAction":[{"@type":"SearchAction","target":{"@type":"EntryPoint","urlTemplate":"https:\/\/urban-nation.com\/?s={search_term_string}"},"query-input":{"@type":"PropertyValueSpecification","valueRequired":true,"valueName":"search_term_string"}}],"inLanguage":"de"},{"@type":"Person","@id":"https:\/\/urban-nation.com\/#\/schema\/person\/18fc3b03007141ea356674eb906ee8ff","name":"Anne Schmedding"}]}},"_links":{"self":[{"href":"https:\/\/urban-nation.com\/de\/wp-json\/wp\/v2\/posts\/577912","targetHints":{"allow":["GET"]}}],"collection":[{"href":"https:\/\/urban-nation.com\/de\/wp-json\/wp\/v2\/posts"}],"about":[{"href":"https:\/\/urban-nation.com\/de\/wp-json\/wp\/v2\/types\/post"}],"author":[{"embeddable":true,"href":"https:\/\/urban-nation.com\/de\/wp-json\/wp\/v2\/users\/457"}],"replies":[{"embeddable":true,"href":"https:\/\/urban-nation.com\/de\/wp-json\/wp\/v2\/comments?post=577912"}],"version-history":[{"count":3,"href":"https:\/\/urban-nation.com\/de\/wp-json\/wp\/v2\/posts\/577912\/revisions"}],"predecessor-version":[{"id":578506,"href":"https:\/\/urban-nation.com\/de\/wp-json\/wp\/v2\/posts\/577912\/revisions\/578506"}],"wp:featuredmedia":[{"embeddable":true,"href":"https:\/\/urban-nation.com\/de\/wp-json\/wp\/v2\/media\/578472"}],"wp:attachment":[{"href":"https:\/\/urban-nation.com\/de\/wp-json\/wp\/v2\/media?parent=577912"}],"wp:term":[{"taxonomy":"category","embeddable":true,"href":"https:\/\/urban-nation.com\/de\/wp-json\/wp\/v2\/categories?post=577912"},{"taxonomy":"post_tag","embeddable":true,"href":"https:\/\/urban-nation.com\/de\/wp-json\/wp\/v2\/tags?post=577912"},{"taxonomy":"un-event-series","embeddable":true,"href":"https:\/\/urban-nation.com\/de\/wp-json\/wp\/v2\/un-event-series?post=577912"}],"curies":[{"name":"wp","href":"https:\/\/api.w.org\/{rel}","templated":true}]}}