{"id":579681,"date":"2025-09-17T13:36:25","date_gmt":"2025-09-17T11:36:25","guid":{"rendered":"https:\/\/urban-nation.com\/2025\/09\/global-groove-autumncamp-2025\/"},"modified":"2025-09-17T14:09:00","modified_gmt":"2025-09-17T12:09:00","slug":"global-groove-autumncamp-2025","status":"publish","type":"post","link":"https:\/\/urban-nation.com\/de\/2025\/09\/global-groove-autumncamp-2025\/","title":{"rendered":"&#8222;Global Groove&#8220; HerbstCamp 2025"},"content":{"rendered":"\n<p>Auch dieses Jahr l\u00e4dt der HipHopHub der Stiftung Berliner Leben zum Herbstcamp ein!<\/p>\n\n\n\n<p>Vom 27. bis 31.10.2025, von 10:30 Uhr bis 15:30 Uhr, bieten wir ein spannendes Programm f\u00fcr Kinder und Jugendliche im Alter zwischen 8 und 13 Jahren. Die Trainerinnen Ezgilu und Ezgi Ivy haben viele tolle Aktivit\u00e4ten vorbereitet. Es gibt Tanzworkshops, DJing, Gesang, Poetry-Slam und Kunstsessions. Die Kinder entdecken ihre Talente und lernen mehr \u00fcber ihre kulturellen Wurzeln.<\/p>\n\n\n\n<p>Durch Bewegung und Kreativit\u00e4t st\u00e4rken sie ihr Selbstvertrauen und feiern die Vielfalt. Von Hip Hop-Tanz bis Mandala-Kunst \u2013 hier k\u00f6nnen die Kinder ihre Geschichten teilen und positive Erfahrungen sammeln.<\/p>\n\n\n\n<p>Die Pl\u00e4tze sind begrenzt. Melde dich oder interessierte Kinder schnell an unter&nbsp;<a href=\"mailto:hiphophub@stiftung-berliner-leben.de\">hiphophub@stiftung-berliner-leben.de<\/a>. Bitte sprich die Teilnahme mit der erziehungsberechtigten Person ab.<\/p>\n\n\n\n<p>Das Camp findet im Attic Studio \u00fcber dem URBAN NATION\u00a0Museum in Berlin Sch\u00f6neberg statt. Die genauen Angaben mit allen Informationen bekommst du nach erfolgreicher Anmeldung. Was das Ferienangebot kostet? Es findet auf Spendenbasis statt. Du kannst geben, was du geben magst.<\/p>\n\n\n\n<p>Die Trainerin Ezgilu war auch schon bei unserem HerbstCamp 2023 und 2024 mit dem Verein Start2Dance dabei, und wir sch\u00e4tzen die gemeinsame Zusammenarbeit mit ihr von ganzem Herzen. Derzeit steht sie gemeinsam mit der M.I.K. Family und Peter Fox auf den gro\u00dfen Festivalb\u00fchnen des Landes. Wir freuen uns sehr, dass sie dabei ist.<\/p>\n\n\n\n<p>Unseren R\u00fcckblick zum HerbstCamp 2024 findest du&nbsp;<a href=\"https:\/\/www.stiftung-berliner-leben.de\/herbstcamp-2024-ein-rueckblick\/\" target=\"_blank\" rel=\"noreferrer noopener\">hier<\/a>.<\/p>\n\n\n\n<p>Wir freuen uns auf kreative Tage voller Musik, Tanz und Gemeinschaft \u2013 vielleicht ist euer Kind dieses Mal auch dabei? Am letzten Tag k\u00f6nnt ihr euch eine Auff\u00fchrung aller Kids im URBAN NATION Museum anschauen.<\/p>\n\n\n\n<p>Foto: Ezgi Ulubayrak<\/p>\n","protected":false},"excerpt":{"rendered":"<p>Vom 27. bis 31. Oktober 2025 bieten wir von 10:30 bis 15:30 Uhr ein spannendes Programm f\u00fcr Kinder und Jugendliche zwischen 8 und 13 Jahren an. Die Trainerinnen Ezgilu und Ezgi Ivy haben viele tolle Aktivit\u00e4ten vorbereitet. Es gibt Tanzworkshops, DJing, Gesang, Poetry Slams und Kunstworkshops. Die Kinder k\u00f6nnen ihre Talente entdecken und mehr \u00fcber ihre kulturellen Wurzeln erfahren.<\/p>\n","protected":false},"author":470,"featured_media":579677,"comment_status":"closed","ping_status":"closed","sticky":false,"template":"","format":"standard","meta":{"_acf_changed":false,"footnotes":""},"categories":[402,461,114],"tags":[],"un-event-series":[460],"class_list":["post-579681","post","type-post","status-publish","format-standard","has-post-thumbnail","hentry","category-bildung-und-outreach","category-hiphophub-2","category-urban-nation-de","un-event-series-hiphophub"],"acf":[],"yoast_head":"<!-- This site is optimized with the Yoast SEO plugin v24.1 - https:\/\/yoast.com\/wordpress\/plugins\/seo\/ -->\n<title>&quot;Global Groove&quot; HerbstCamp 2025 &#8211; Urban Nation<\/title>\n<meta name=\"robots\" content=\"index, follow, max-snippet:-1, max-image-preview:large, max-video-preview:-1\" \/>\n<link rel=\"canonical\" href=\"https:\/\/urban-nation.com\/de\/2025\/09\/global-groove-autumncamp-2025\/\" \/>\n<meta property=\"og:locale\" content=\"de_DE\" \/>\n<meta property=\"og:type\" content=\"article\" \/>\n<meta property=\"og:title\" content=\"&quot;Global Groove&quot; HerbstCamp 2025 &#8211; Urban Nation\" \/>\n<meta property=\"og:description\" content=\"Vom 27. bis 31. Oktober 2025 bieten wir von 10:30 bis 15:30 Uhr ein spannendes Programm f\u00fcr Kinder und Jugendliche zwischen 8 und 13 Jahren an. Die Trainerinnen Ezgilu und Ezgi Ivy haben viele tolle Aktivit\u00e4ten vorbereitet. Es gibt Tanzworkshops, DJing, Gesang, Poetry Slams und Kunstworkshops. Die Kinder k\u00f6nnen ihre Talente entdecken und mehr \u00fcber ihre kulturellen Wurzeln erfahren.\" \/>\n<meta property=\"og:url\" content=\"https:\/\/urban-nation.com\/de\/2025\/09\/global-groove-autumncamp-2025\/\" \/>\n<meta property=\"og:site_name\" content=\"Urban Nation\" \/>\n<meta property=\"article:publisher\" content=\"https:\/\/www.facebook.com\/urbannationberlin\" \/>\n<meta property=\"article:published_time\" content=\"2025-09-17T11:36:25+00:00\" \/>\n<meta property=\"article:modified_time\" content=\"2025-09-17T12:09:00+00:00\" \/>\n<meta property=\"og:image\" content=\"https:\/\/urban-nation.com\/wp-content\/uploads\/2025\/09\/IMG_2947-scaled.jpeg\" \/>\n\t<meta property=\"og:image:width\" content=\"2560\" \/>\n\t<meta property=\"og:image:height\" content=\"1707\" \/>\n\t<meta property=\"og:image:type\" content=\"image\/jpeg\" \/>\n<meta name=\"author\" content=\"Constanze von Marlin\" \/>\n<script type=\"application\/ld+json\" class=\"yoast-schema-graph\">{\"@context\":\"https:\/\/schema.org\",\"@graph\":[{\"@type\":\"WebPage\",\"@id\":\"https:\/\/urban-nation.com\/de\/2025\/09\/global-groove-autumncamp-2025\/\",\"url\":\"https:\/\/urban-nation.com\/de\/2025\/09\/global-groove-autumncamp-2025\/\",\"name\":\"\\\"Global Groove\\\" HerbstCamp 2025 &#8211; Urban Nation\",\"isPartOf\":{\"@id\":\"https:\/\/urban-nation.com\/#website\"},\"primaryImageOfPage\":{\"@id\":\"https:\/\/urban-nation.com\/de\/2025\/09\/global-groove-autumncamp-2025\/#primaryimage\"},\"image\":{\"@id\":\"https:\/\/urban-nation.com\/de\/2025\/09\/global-groove-autumncamp-2025\/#primaryimage\"},\"thumbnailUrl\":\"https:\/\/urban-nation.com\/wp-content\/uploads\/2025\/09\/IMG_2947-scaled.jpeg\",\"datePublished\":\"2025-09-17T11:36:25+00:00\",\"dateModified\":\"2025-09-17T12:09:00+00:00\",\"author\":{\"@id\":\"https:\/\/urban-nation.com\/#\/schema\/person\/162303dc5daa11eba6a56201e8c6be44\"},\"breadcrumb\":{\"@id\":\"https:\/\/urban-nation.com\/de\/2025\/09\/global-groove-autumncamp-2025\/#breadcrumb\"},\"inLanguage\":\"de\",\"potentialAction\":[{\"@type\":\"ReadAction\",\"target\":[\"https:\/\/urban-nation.com\/de\/2025\/09\/global-groove-autumncamp-2025\/\"]}]},{\"@type\":\"ImageObject\",\"inLanguage\":\"de\",\"@id\":\"https:\/\/urban-nation.com\/de\/2025\/09\/global-groove-autumncamp-2025\/#primaryimage\",\"url\":\"https:\/\/urban-nation.com\/wp-content\/uploads\/2025\/09\/IMG_2947-scaled.jpeg\",\"contentUrl\":\"https:\/\/urban-nation.com\/wp-content\/uploads\/2025\/09\/IMG_2947-scaled.jpeg\",\"width\":2560,\"height\":1707},{\"@type\":\"BreadcrumbList\",\"@id\":\"https:\/\/urban-nation.com\/de\/2025\/09\/global-groove-autumncamp-2025\/#breadcrumb\",\"itemListElement\":[{\"@type\":\"ListItem\",\"position\":1,\"name\":\"Home\",\"item\":\"https:\/\/urban-nation.com\/de\/\"},{\"@type\":\"ListItem\",\"position\":2,\"name\":\"&#8220;Global Groove&#8221; HerbstCamp 2025\"}]},{\"@type\":\"WebSite\",\"@id\":\"https:\/\/urban-nation.com\/#website\",\"url\":\"https:\/\/urban-nation.com\/\",\"name\":\"Urban Nation\",\"description\":\"Museum for Urban Contemporary Art\",\"potentialAction\":[{\"@type\":\"SearchAction\",\"target\":{\"@type\":\"EntryPoint\",\"urlTemplate\":\"https:\/\/urban-nation.com\/?s={search_term_string}\"},\"query-input\":{\"@type\":\"PropertyValueSpecification\",\"valueRequired\":true,\"valueName\":\"search_term_string\"}}],\"inLanguage\":\"de\"},{\"@type\":\"Person\",\"@id\":\"https:\/\/urban-nation.com\/#\/schema\/person\/162303dc5daa11eba6a56201e8c6be44\",\"name\":\"Constanze von Marlin\"}]}<\/script>\n<!-- \/ Yoast SEO plugin. -->","yoast_head_json":{"title":"\"Global Groove\" HerbstCamp 2025 &#8211; Urban Nation","robots":{"index":"index","follow":"follow","max-snippet":"max-snippet:-1","max-image-preview":"max-image-preview:large","max-video-preview":"max-video-preview:-1"},"canonical":"https:\/\/urban-nation.com\/de\/2025\/09\/global-groove-autumncamp-2025\/","og_locale":"de_DE","og_type":"article","og_title":"\"Global Groove\" HerbstCamp 2025 &#8211; Urban Nation","og_description":"Vom 27. bis 31. Oktober 2025 bieten wir von 10:30 bis 15:30 Uhr ein spannendes Programm f\u00fcr Kinder und Jugendliche zwischen 8 und 13 Jahren an. Die Trainerinnen Ezgilu und Ezgi Ivy haben viele tolle Aktivit\u00e4ten vorbereitet. Es gibt Tanzworkshops, DJing, Gesang, Poetry Slams und Kunstworkshops. Die Kinder k\u00f6nnen ihre Talente entdecken und mehr \u00fcber ihre kulturellen Wurzeln erfahren.","og_url":"https:\/\/urban-nation.com\/de\/2025\/09\/global-groove-autumncamp-2025\/","og_site_name":"Urban Nation","article_publisher":"https:\/\/www.facebook.com\/urbannationberlin","article_published_time":"2025-09-17T11:36:25+00:00","article_modified_time":"2025-09-17T12:09:00+00:00","og_image":[{"width":2560,"height":1707,"url":"https:\/\/urban-nation.com\/wp-content\/uploads\/2025\/09\/IMG_2947-scaled.jpeg","type":"image\/jpeg"}],"author":"Constanze von Marlin","schema":{"@context":"https:\/\/schema.org","@graph":[{"@type":"WebPage","@id":"https:\/\/urban-nation.com\/de\/2025\/09\/global-groove-autumncamp-2025\/","url":"https:\/\/urban-nation.com\/de\/2025\/09\/global-groove-autumncamp-2025\/","name":"\"Global Groove\" HerbstCamp 2025 &#8211; Urban Nation","isPartOf":{"@id":"https:\/\/urban-nation.com\/#website"},"primaryImageOfPage":{"@id":"https:\/\/urban-nation.com\/de\/2025\/09\/global-groove-autumncamp-2025\/#primaryimage"},"image":{"@id":"https:\/\/urban-nation.com\/de\/2025\/09\/global-groove-autumncamp-2025\/#primaryimage"},"thumbnailUrl":"https:\/\/urban-nation.com\/wp-content\/uploads\/2025\/09\/IMG_2947-scaled.jpeg","datePublished":"2025-09-17T11:36:25+00:00","dateModified":"2025-09-17T12:09:00+00:00","author":{"@id":"https:\/\/urban-nation.com\/#\/schema\/person\/162303dc5daa11eba6a56201e8c6be44"},"breadcrumb":{"@id":"https:\/\/urban-nation.com\/de\/2025\/09\/global-groove-autumncamp-2025\/#breadcrumb"},"inLanguage":"de","potentialAction":[{"@type":"ReadAction","target":["https:\/\/urban-nation.com\/de\/2025\/09\/global-groove-autumncamp-2025\/"]}]},{"@type":"ImageObject","inLanguage":"de","@id":"https:\/\/urban-nation.com\/de\/2025\/09\/global-groove-autumncamp-2025\/#primaryimage","url":"https:\/\/urban-nation.com\/wp-content\/uploads\/2025\/09\/IMG_2947-scaled.jpeg","contentUrl":"https:\/\/urban-nation.com\/wp-content\/uploads\/2025\/09\/IMG_2947-scaled.jpeg","width":2560,"height":1707},{"@type":"BreadcrumbList","@id":"https:\/\/urban-nation.com\/de\/2025\/09\/global-groove-autumncamp-2025\/#breadcrumb","itemListElement":[{"@type":"ListItem","position":1,"name":"Home","item":"https:\/\/urban-nation.com\/de\/"},{"@type":"ListItem","position":2,"name":"&#8220;Global Groove&#8221; HerbstCamp 2025"}]},{"@type":"WebSite","@id":"https:\/\/urban-nation.com\/#website","url":"https:\/\/urban-nation.com\/","name":"Urban Nation","description":"Museum for Urban Contemporary Art","potentialAction":[{"@type":"SearchAction","target":{"@type":"EntryPoint","urlTemplate":"https:\/\/urban-nation.com\/?s={search_term_string}"},"query-input":{"@type":"PropertyValueSpecification","valueRequired":true,"valueName":"search_term_string"}}],"inLanguage":"de"},{"@type":"Person","@id":"https:\/\/urban-nation.com\/#\/schema\/person\/162303dc5daa11eba6a56201e8c6be44","name":"Constanze von Marlin"}]}},"_links":{"self":[{"href":"https:\/\/urban-nation.com\/de\/wp-json\/wp\/v2\/posts\/579681","targetHints":{"allow":["GET"]}}],"collection":[{"href":"https:\/\/urban-nation.com\/de\/wp-json\/wp\/v2\/posts"}],"about":[{"href":"https:\/\/urban-nation.com\/de\/wp-json\/wp\/v2\/types\/post"}],"author":[{"embeddable":true,"href":"https:\/\/urban-nation.com\/de\/wp-json\/wp\/v2\/users\/470"}],"replies":[{"embeddable":true,"href":"https:\/\/urban-nation.com\/de\/wp-json\/wp\/v2\/comments?post=579681"}],"version-history":[{"count":3,"href":"https:\/\/urban-nation.com\/de\/wp-json\/wp\/v2\/posts\/579681\/revisions"}],"predecessor-version":[{"id":579686,"href":"https:\/\/urban-nation.com\/de\/wp-json\/wp\/v2\/posts\/579681\/revisions\/579686"}],"wp:featuredmedia":[{"embeddable":true,"href":"https:\/\/urban-nation.com\/de\/wp-json\/wp\/v2\/media\/579677"}],"wp:attachment":[{"href":"https:\/\/urban-nation.com\/de\/wp-json\/wp\/v2\/media?parent=579681"}],"wp:term":[{"taxonomy":"category","embeddable":true,"href":"https:\/\/urban-nation.com\/de\/wp-json\/wp\/v2\/categories?post=579681"},{"taxonomy":"post_tag","embeddable":true,"href":"https:\/\/urban-nation.com\/de\/wp-json\/wp\/v2\/tags?post=579681"},{"taxonomy":"un-event-series","embeddable":true,"href":"https:\/\/urban-nation.com\/de\/wp-json\/wp\/v2\/un-event-series?post=579681"}],"curies":[{"name":"wp","href":"https:\/\/api.w.org\/{rel}","templated":true}]}}